{"id":179025,"date":"2024-04-24T14:26:15","date_gmt":"2024-04-24T14:26:15","guid":{"rendered":"https:\/\/blog.partner.co\/werner-berger-membro-del-consiglio-degli-atleti-si-prepara-a-scalare-leverest\/"},"modified":"2024-04-24T14:28:19","modified_gmt":"2024-04-24T14:28:19","slug":"werner-berger-membro-del-consiglio-degli-atleti-si-prepara-a-scalare-leverest","status":"publish","type":"post","link":"https:\/\/blog.partner.co\/it-it\/werner-berger-membro-del-consiglio-degli-atleti-si-prepara-a-scalare-leverest\/","title":{"rendered":"Werner Berger, membro del Consiglio degli atleti, si prepara a scalare l&#8217;Everest"},"content":{"rendered":"\n<p>All&#8217;et\u00e0 di cinquant&#8217;anni, all&#8217;inizio degli anni novanta, Werner Berger decise di fare qualcosa di completamente diverso da ci\u00f2 che aveva fatto fino ad allora: voleva scalare una montagna, ma non una qualsiasi: il Monte Everest, il pi\u00f9 alto del mondo.<\/p>\n\n<p>Werner racconta che all&#8217;inizio la sua famiglia non lo prese sul serio. Due anni dopo, per\u00f2, uno dei suoi figli gli propose di fare un trekking al Campo Base dell&#8217;Everest. Werner accett\u00f2, port\u00f2 a termine l&#8217;escursione e fu l\u00ec che tutto ebbe inizio. Da allora, pi\u00f9 di 30 anni fa, Werner non solo ha raggiunto la vetta dell&#8217;Everest, ma ha anche scalato le Sette Vette, le cime pi\u00f9 alte dei sette continenti.<\/p>\n\n<p>Non gli \u00e8 bastato questo, ma ha anche completato il trekking della Piramide Carstensz in Nuova Guinea, la montagna pi\u00f9 alta del mondo su un&#8217;isola, completando quello che si conosce come il Messner 7. In questo modo, Werner si \u00e8 guadagnato il record come la persona pi\u00f9 anziana ad aver scalato le Sette Vette nel libro Guinness dei primati. Nel novembre 2013, all&#8217;et\u00e0 di 77 anni, Werner ha completato tutti i trekking nell&#8217;arco di 12 mesi.<\/p>\n\n<figure class=\"wp-block-image size-large\"><img loading=\"lazy\" width=\"1024\" height=\"447\" src=\"https:\/\/blog.partner.co\/wp-content\/uploads\/2024\/04\/image-asset-2-1-1024x447.jpeg\" alt=\"\" class=\"wp-image-179032\" srcset=\"https:\/\/blog.partner.co\/wp-content\/uploads\/2024\/04\/image-asset-2-1-1024x447.jpeg 1024w, https:\/\/blog.partner.co\/wp-content\/uploads\/2024\/04\/image-asset-2-1-300x131.jpeg 300w, https:\/\/blog.partner.co\/wp-content\/uploads\/2024\/04\/image-asset-2-1-768x335.jpeg 768w, https:\/\/blog.partner.co\/wp-content\/uploads\/2024\/04\/image-asset-2-1-1536x671.jpeg 1536w, https:\/\/blog.partner.co\/wp-content\/uploads\/2024\/04\/image-asset-2-1-2048x895.jpeg 2048w, https:\/\/blog.partner.co\/wp-content\/uploads\/2024\/04\/image-asset-2-1-1080x472.jpeg 1080w\" sizes=\"(max-width: 1024px) 100vw, 1024px\" \/><\/figure>\n<h1 class=\"has-text-align-center\"><strong>Puntando sempre in alto<\/strong><\/h1>\n\n<p>A 86 anni, Werner \u00e8 ora pronto a tornare dove tutto \u00e8 cominciato, raggiungendo il Campo Base dell&#8217;Everest per la sesta volta e per la prima volta dal 2016. In questo viaggio, Werner guider\u00e0 una squadra di 15 persone. Nei suoi viaggi precedenti ha guidato gruppi pi\u00f9 numerosi, ma una cosa \u00e8 rimasta invariata: ha mantenuto un record perfetto nel portare il suo gruppo al Campo Base.<\/p>\n\n<blockquote class=\"wp-block-quote\"><p>&#8220;Gli atleti hanno il tasso di abbandono pi\u00f9 alto perch\u00e9 si esauriscono cercando di superare i propri limiti. Il tasso di abbandono normale \u00e8 del 24-44%. Arrivare al Campo Base \u00e8 tutta una questione di preparazione pre-salita, di procedure di acclimatazione e di assicurarsi che le persone rallentino e respirino correttamente. Non ci si limita a fare passo, passo, passo, passo. Si fa passo, respiro, passo&#8221;.<\/p><\/blockquote>\n\n<p>Per questo trekking, Werner e il suo team impiegheranno 10 giorni per raggiungere il Campo Base e altri tre per tornare. &#8220;La differenza di tempo \u00e8 dovuta all&#8217;acclimatamento durante la discesa&#8221;, spiega Werner. La loro altitudine di partenza a Lukla, in Nepal, \u00e8 di 2.860 metri, e cammineranno fino al Campo Base, che si trova a 5.364 metri. Porteranno i loro zaini (che pesano circa 25 kg) e non useranno ossigeno. Werner ha dichiarato di aver usato l&#8217;ossigeno sull&#8217;Everest, quando ha raggiunto la vetta, ma di non averlo usato prima di aver raggiunto i 6.000 m.<\/p>\n\n<p>Nel corso del viaggio, perderanno due giorni per acclimatarsi. In pratica, passeranno il tempo a salire, ad adattarsi alla nuova altitudine e poi a tornare a dormire pi\u00f9 in basso.<\/p>\n\n<p>&#8220;\u00c8 questo ci\u00f2 che permette al corpo di adattarsi&#8221;, ha detto Werner.<\/p>\n\n<p>Prima del trekking, Werner bilancia il suo regime di allenamento in modo da poterlo portare a termine con successo. L&#8217;anno scorso ha subito una doppia sostituzione del ginocchio, quindi il suo allenamento attuale \u00e8 diverso da quello degli anni passati: deve cercare di non forzarlo troppo e al tempo stesso impegnarsi per essere pronto per l&#8217;escursione a 5363 m.<\/p>\n\n<figure class=\"wp-block-image size-large\"><img loading=\"lazy\" width=\"1024\" height=\"447\" src=\"https:\/\/blog.partner.co\/wp-content\/uploads\/2024\/04\/hikers-fromemail-2-1024x447.jpeg\" alt=\"\" class=\"wp-image-179033\" srcset=\"https:\/\/blog.partner.co\/wp-content\/uploads\/2024\/04\/hikers-fromemail-2-1024x447.jpeg 1024w, https:\/\/blog.partner.co\/wp-content\/uploads\/2024\/04\/hikers-fromemail-2-300x131.jpeg 300w, https:\/\/blog.partner.co\/wp-content\/uploads\/2024\/04\/hikers-fromemail-2-768x335.jpeg 768w, https:\/\/blog.partner.co\/wp-content\/uploads\/2024\/04\/hikers-fromemail-2-1536x671.jpeg 1536w, https:\/\/blog.partner.co\/wp-content\/uploads\/2024\/04\/hikers-fromemail-2-2048x895.jpeg 2048w, https:\/\/blog.partner.co\/wp-content\/uploads\/2024\/04\/hikers-fromemail-2-1080x472.jpeg 1080w\" sizes=\"(max-width: 1024px) 100vw, 1024px\" \/><\/figure>\n<p>Tuttavia, i possibili punti di dolore dell&#8217;allenamento non sono nulla in confronto alla sensazione che non vede l&#8217;ora di provare nel suo prossimo viaggio.<\/p>\n\n<p>&#8220;La gioia assoluta di aiutare le persone che sono con me a vivere un&#8217;esperienza surreale. Posso solo descriverlo cos\u00ec&#8221;, dichiara.<\/p>\n\n<blockquote class=\"wp-block-quote\"><p>&#8220;\u00c8 proprio questo che mi ha conquistato: trovarmi in questo magnifico silenzio in cui non siamo abituati a stare e, di conseguenza, sentirmi parte di tutto e apprezzare ogni cosa, che sia una nuvola, il sole o una goccia di pioggia, anche se non piove di solito nei trekking primaverili&#8221;.<\/p><\/blockquote>\n\n<p>Oltre a questo, si somma il sentimento che ha avuto l&#8217;opportunit\u00e0 di provare pi\u00f9 volte, ovvero &#8220;semplicemente tornare in quell&#8217;ambiente, perch\u00e9 \u00e8 cos\u00ec facile sentirsi connessi a tutto e ammirare lo splendore e la grandezza di questo pianeta&#8221;.<\/p>\n\n<h1 class=\"has-text-align-center\"><strong>Il potere di Partner.Co<\/strong><\/h1>\n\n<p>Naturalmente, Werner, affema che gli integratori Partner.Co sono una parte importante del suo regime di benessere sia durante l&#8217;allenamento che durante il trekking.<\/p>\n\n<p>&#8220;All&#8217;inizio sostenevo di non avere bisogno di integratori perch\u00e9 mangio bene. Il mio amico un giorno mi rispose: &#8216;Evidentemente non ne sai molto di alimentazione'&#8221;.&#13;\n&#13;\nWerner ammette di aver notato dei cambiamenti sorprendenti.<\/p>\n\n<blockquote class=\"wp-block-quote\"><p>&#8220;Ho potuto apprezzare la maggiore energia, la vitalit\u00e0 e la resistenza che ottenevo grazie agli integratori&#8221;.<\/p><\/blockquote>\n\n<p>Werner ha aggiunto di essere convinto che gli integratori che assumeva contribuissero ad alleviare l&#8217;emicrania di cui soffriva. Dopo tutte le esperienze positive, Werner ha capito che non avrebbe mai pi\u00f9 rinunciato ai prodotti Partner.Co.<\/p>\n\n<p>&#8220;Ho avuto esperienze molto positive nel corso degli anni [con gli integratori Partner.Co], perch\u00e9 dovrei cambiare?&#8221;<\/p>\n\n<p>Ma ha un prodotto preferito per allenarsi?<\/p>\n\n<p>&#8220;In una parola: tutti&#8221;.<\/p>\n\n<p>&#8220;Non ho un prodotto preferito perch\u00e9, in base alla mia esperienza, credo che abbia funzionato proprio perch\u00e8 assumevo tutto ci\u00f2 che era disponibile. Funzionano insieme. Non possiamo sopravvivere solo con gli antiossidanti, non possiamo sopravvivere solo con le vitamine, non possiamo sopravvivere solo con i minerali. Abbiamo bisogno di tutti, quindi li prendo tutti, ed \u00e8 questo che fa la differenza&#8221;.<\/p>\n\n<p>Siamo grati a Werner per aver trovato una vera e propria partnership con noi e con i nostri prodotti e per portarli con s\u00e9 in questo viaggio straordinario che sta per intraprendere. Non perderti le novit\u00e0 che racconteremo sul viaggio di Werner dopo il suo ritorno, oltre a contenuti esclusivi scattati da Werner stesso dalla cima del mondo!<\/p>\n\n<p>\u00a0<\/p>\n","protected":false},"excerpt":{"rendered":"<p>All&#8217;et\u00e0 di cinquant&#8217;anni, all&#8217;inizio degli anni novanta, Werner Berger decise di fare qualcosa di completamente diverso da ci\u00f2 che aveva fatto fino ad allora: voleva scalare una montagna, ma non una qualsiasi: il Monte Everest, il pi\u00f9 alto del mondo. Werner racconta che all&#8217;inizio la sua famiglia non lo prese sul serio. Due anni dopo, per\u00f2, uno dei suoi figli gli propose di fare un trekking al Campo Base dell&#8217;Everest. Werner accett\u00f2, port\u00f2 a termine l&#8217;escursione e fu l\u00ec che tutto ebbe inizio. Da allora, pi\u00f9 di 30 anni fa, Werner non solo ha raggiunto la vetta dell&#8217;Everest, ma ha anche scalato le Sette Vette, le cime pi\u00f9 alte dei sette continenti. Non gli \u00e8 bastato questo, ma ha anche completato il trekking della Piramide Carstensz in Nuova Guinea, la montagna pi\u00f9 alta del mondo su un&#8217;isola, completando quello che si conosce come il Messner 7. In questo modo, Werner si \u00e8 guadagnato il record come la persona pi\u00f9 anziana ad aver scalato le Sette Vette nel libro Guinness dei primati. Nel novembre 2013, all&#8217;et\u00e0 di 77 anni, Werner ha completato tutti i trekking nell&#8217;arco di 12 mesi. Puntando sempre in alto A 86 anni, Werner \u00e8 ora pronto a [&hellip;]<\/p>\n","protected":false},"author":87,"featured_media":179026,"comment_status":"closed","ping_status":"closed","sticky":false,"template":"","format":"standard","meta":[],"categories":[1222],"tags":[],"yoast_head":"<!-- This site is optimized with the Yoast SEO plugin v18.3 - https:\/\/yoast.com\/wordpress\/plugins\/seo\/ -->\n<title>Journal | Partner.Co: Werner Berger, membro del Consiglio degli atleti, si prepara a scalare l&#039;Everest<\/title>\n<meta name=\"description\" content=\"Non molti possono affermare di possedere un record nel Guinness dei primati mentre si preparano a raggiungere il Campo Base dell&#039;Everest per la sesta volta, ma il nostro Incaricato Werner Berger pu\u00f2.\" \/>\n<meta name=\"robots\" content=\"index, follow, max-snippet:-1, max-image-preview:large, max-video-preview:-1\" \/>\n<link rel=\"canonical\" href=\"https:\/\/blog.partner.co\/it-it\/werner-berger-membro-del-consiglio-degli-atleti-si-prepara-a-scalare-leverest\/\" \/>\n<meta property=\"og:locale\" content=\"it_IT\" \/>\n<meta property=\"og:type\" content=\"article\" \/>\n<meta property=\"og:title\" content=\"Journal | Partner.Co: Werner Berger, membro del Consiglio degli atleti, si prepara a scalare l&#039;Everest\" \/>\n<meta property=\"og:description\" content=\"Non molti possono affermare di possedere un record nel Guinness dei primati mentre si preparano a raggiungere il Campo Base dell&#039;Everest per la sesta volta, ma il nostro Incaricato Werner Berger pu\u00f2.\" \/>\n<meta property=\"og:url\" content=\"https:\/\/blog.partner.co\/it-it\/werner-berger-membro-del-consiglio-degli-atleti-si-prepara-a-scalare-leverest\/\" \/>\n<meta property=\"og:site_name\" content=\"Partner.Co\" \/>\n<meta property=\"article:published_time\" content=\"2024-04-24T14:26:15+00:00\" \/>\n<meta property=\"article:modified_time\" content=\"2024-04-24T14:28:19+00:00\" \/>\n<meta property=\"og:image\" content=\"https:\/\/blog.partner.co\/wp-content\/uploads\/2024\/04\/PTR_BLOG_HEADER_Werner-Berger-Mt-Everest_v2.jpg\" \/>\n\t<meta property=\"og:image:width\" content=\"1400\" \/>\n\t<meta property=\"og:image:height\" content=\"800\" \/>\n\t<meta property=\"og:image:type\" content=\"image\/jpeg\" \/>\n<meta name=\"twitter:card\" content=\"summary_large_image\" \/>\n<meta name=\"twitter:label1\" content=\"Written by\" \/>\n\t<meta name=\"twitter:data1\" content=\"Brian Zheng\" \/>\n\t<meta name=\"twitter:label2\" content=\"Est. reading time\" \/>\n\t<meta name=\"twitter:data2\" content=\"4 minutes\" \/>\n<script type=\"application\/ld+json\" class=\"yoast-schema-graph\">{\"@context\":\"https:\/\/schema.org\",\"@graph\":[{\"@type\":\"Organization\",\"@id\":\"https:\/\/blog.partner.co\/#organization\",\"name\":\"PartnerCo\",\"url\":\"https:\/\/blog.partner.co\/\",\"sameAs\":[],\"logo\":{\"@type\":\"ImageObject\",\"@id\":\"https:\/\/blog.partner.co\/#logo\",\"inLanguage\":\"ita-IT\",\"url\":\"https:\/\/blog.partner.co\/wp-content\/uploads\/2024\/01\/ptr_logo-primary-green_200px.png\",\"contentUrl\":\"https:\/\/blog.partner.co\/wp-content\/uploads\/2024\/01\/ptr_logo-primary-green_200px.png\",\"width\":200,\"height\":33,\"caption\":\"PartnerCo\"},\"image\":{\"@id\":\"https:\/\/blog.partner.co\/#logo\"}},{\"@type\":\"WebSite\",\"@id\":\"https:\/\/blog.partner.co\/#website\",\"url\":\"https:\/\/blog.partner.co\/\",\"name\":\"Partner.Co\",\"description\":\"Journal\",\"publisher\":{\"@id\":\"https:\/\/blog.partner.co\/#organization\"},\"potentialAction\":[{\"@type\":\"SearchAction\",\"target\":{\"@type\":\"EntryPoint\",\"urlTemplate\":\"https:\/\/blog.partner.co\/?s={search_term_string}\"},\"query-input\":\"required name=search_term_string\"}],\"inLanguage\":\"ita-IT\"},{\"@type\":\"ImageObject\",\"@id\":\"https:\/\/blog.partner.co\/it-it\/werner-berger-membro-del-consiglio-degli-atleti-si-prepara-a-scalare-leverest\/#primaryimage\",\"inLanguage\":\"ita-IT\",\"url\":\"https:\/\/blog.partner.co\/wp-content\/uploads\/2024\/04\/PTR_BLOG_HEADER_Werner-Berger-Mt-Everest_v2.jpg\",\"contentUrl\":\"https:\/\/blog.partner.co\/wp-content\/uploads\/2024\/04\/PTR_BLOG_HEADER_Werner-Berger-Mt-Everest_v2.jpg\",\"width\":1400,\"height\":800},{\"@type\":\"WebPage\",\"@id\":\"https:\/\/blog.partner.co\/it-it\/werner-berger-membro-del-consiglio-degli-atleti-si-prepara-a-scalare-leverest\/#webpage\",\"url\":\"https:\/\/blog.partner.co\/it-it\/werner-berger-membro-del-consiglio-degli-atleti-si-prepara-a-scalare-leverest\/\",\"name\":\"Journal | Partner.Co: Werner Berger, membro del Consiglio degli atleti, si prepara a scalare l'Everest\",\"isPartOf\":{\"@id\":\"https:\/\/blog.partner.co\/#website\"},\"primaryImageOfPage\":{\"@id\":\"https:\/\/blog.partner.co\/it-it\/werner-berger-membro-del-consiglio-degli-atleti-si-prepara-a-scalare-leverest\/#primaryimage\"},\"datePublished\":\"2024-04-24T14:26:15+00:00\",\"dateModified\":\"2024-04-24T14:28:19+00:00\",\"description\":\"Non molti possono affermare di possedere un record nel Guinness dei primati mentre si preparano a raggiungere il Campo Base dell'Everest per la sesta volta, ma il nostro Incaricato Werner Berger pu\u00f2.\",\"breadcrumb\":{\"@id\":\"https:\/\/blog.partner.co\/it-it\/werner-berger-membro-del-consiglio-degli-atleti-si-prepara-a-scalare-leverest\/#breadcrumb\"},\"inLanguage\":\"ita-IT\",\"potentialAction\":[{\"@type\":\"ReadAction\",\"target\":[\"https:\/\/blog.partner.co\/it-it\/werner-berger-membro-del-consiglio-degli-atleti-si-prepara-a-scalare-leverest\/\"]}]},{\"@type\":\"BreadcrumbList\",\"@id\":\"https:\/\/blog.partner.co\/it-it\/werner-berger-membro-del-consiglio-degli-atleti-si-prepara-a-scalare-leverest\/#breadcrumb\",\"itemListElement\":[{\"@type\":\"ListItem\",\"position\":1,\"name\":\"Home\",\"item\":\"https:\/\/blog.partner.co\/it-it\/\"},{\"@type\":\"ListItem\",\"position\":2,\"name\":\"Werner Berger, membro del Consiglio degli atleti, si prepara a scalare l&#8217;Everest\"}]},{\"@type\":\"Article\",\"@id\":\"https:\/\/blog.partner.co\/it-it\/werner-berger-membro-del-consiglio-degli-atleti-si-prepara-a-scalare-leverest\/#article\",\"isPartOf\":{\"@id\":\"https:\/\/blog.partner.co\/it-it\/werner-berger-membro-del-consiglio-degli-atleti-si-prepara-a-scalare-leverest\/#webpage\"},\"author\":{\"@id\":\"https:\/\/blog.partner.co\/#\/schema\/person\/d326940973505b0fc7fcdeb02a4b24a3\"},\"headline\":\"Werner Berger, membro del Consiglio degli atleti, si prepara a scalare l&#8217;Everest\",\"datePublished\":\"2024-04-24T14:26:15+00:00\",\"dateModified\":\"2024-04-24T14:28:19+00:00\",\"mainEntityOfPage\":{\"@id\":\"https:\/\/blog.partner.co\/it-it\/werner-berger-membro-del-consiglio-degli-atleti-si-prepara-a-scalare-leverest\/#webpage\"},\"wordCount\":899,\"publisher\":{\"@id\":\"https:\/\/blog.partner.co\/#organization\"},\"image\":{\"@id\":\"https:\/\/blog.partner.co\/it-it\/werner-berger-membro-del-consiglio-degli-atleti-si-prepara-a-scalare-leverest\/#primaryimage\"},\"thumbnailUrl\":\"https:\/\/blog.partner.co\/wp-content\/uploads\/2024\/04\/PTR_BLOG_HEADER_Werner-Berger-Mt-Everest_v2.jpg\",\"articleSection\":[\"Business\"],\"inLanguage\":\"ita-IT\"},{\"@type\":\"Person\",\"@id\":\"https:\/\/blog.partner.co\/#\/schema\/person\/d326940973505b0fc7fcdeb02a4b24a3\",\"name\":\"Brian Zheng\",\"image\":{\"@type\":\"ImageObject\",\"@id\":\"https:\/\/blog.partner.co\/#personlogo\",\"inLanguage\":\"ita-IT\",\"url\":\"https:\/\/secure.gravatar.com\/avatar\/360b506a9ac350b52878d51fe8d92d81?s=96&d=mm&r=g\",\"contentUrl\":\"https:\/\/secure.gravatar.com\/avatar\/360b506a9ac350b52878d51fe8d92d81?s=96&d=mm&r=g\",\"caption\":\"Brian Zheng\"},\"url\":\"https:\/\/blog.partner.co\/it-it\/author\/brianz\/\"}]}<\/script>\n<!-- \/ Yoast SEO plugin. -->","yoast_head_json":{"title":"Journal | Partner.Co: Werner Berger, membro del Consiglio degli atleti, si prepara a scalare l'Everest","description":"Non molti possono affermare di possedere un record nel Guinness dei primati mentre si preparano a raggiungere il Campo Base dell'Everest per la sesta volta, ma il nostro Incaricato Werner Berger pu\u00f2.","robots":{"index":"index","follow":"follow","max-snippet":"max-snippet:-1","max-image-preview":"max-image-preview:large","max-video-preview":"max-video-preview:-1"},"canonical":"https:\/\/blog.partner.co\/it-it\/werner-berger-membro-del-consiglio-degli-atleti-si-prepara-a-scalare-leverest\/","og_locale":"it_IT","og_type":"article","og_title":"Journal | Partner.Co: Werner Berger, membro del Consiglio degli atleti, si prepara a scalare l'Everest","og_description":"Non molti possono affermare di possedere un record nel Guinness dei primati mentre si preparano a raggiungere il Campo Base dell'Everest per la sesta volta, ma il nostro Incaricato Werner Berger pu\u00f2.","og_url":"https:\/\/blog.partner.co\/it-it\/werner-berger-membro-del-consiglio-degli-atleti-si-prepara-a-scalare-leverest\/","og_site_name":"Partner.Co","article_published_time":"2024-04-24T14:26:15+00:00","article_modified_time":"2024-04-24T14:28:19+00:00","og_image":[{"width":1400,"height":800,"url":"https:\/\/blog.partner.co\/wp-content\/uploads\/2024\/04\/PTR_BLOG_HEADER_Werner-Berger-Mt-Everest_v2.jpg","type":"image\/jpeg"}],"twitter_card":"summary_large_image","twitter_misc":{"Written by":"Brian Zheng","Est. reading time":"4 minutes"},"schema":{"@context":"https:\/\/schema.org","@graph":[{"@type":"Organization","@id":"https:\/\/blog.partner.co\/#organization","name":"PartnerCo","url":"https:\/\/blog.partner.co\/","sameAs":[],"logo":{"@type":"ImageObject","@id":"https:\/\/blog.partner.co\/#logo","inLanguage":"ita-IT","url":"https:\/\/blog.partner.co\/wp-content\/uploads\/2024\/01\/ptr_logo-primary-green_200px.png","contentUrl":"https:\/\/blog.partner.co\/wp-content\/uploads\/2024\/01\/ptr_logo-primary-green_200px.png","width":200,"height":33,"caption":"PartnerCo"},"image":{"@id":"https:\/\/blog.partner.co\/#logo"}},{"@type":"WebSite","@id":"https:\/\/blog.partner.co\/#website","url":"https:\/\/blog.partner.co\/","name":"Partner.Co","description":"Journal","publisher":{"@id":"https:\/\/blog.partner.co\/#organization"},"potentialAction":[{"@type":"SearchAction","target":{"@type":"EntryPoint","urlTemplate":"https:\/\/blog.partner.co\/?s={search_term_string}"},"query-input":"required name=search_term_string"}],"inLanguage":"ita-IT"},{"@type":"ImageObject","@id":"https:\/\/blog.partner.co\/it-it\/werner-berger-membro-del-consiglio-degli-atleti-si-prepara-a-scalare-leverest\/#primaryimage","inLanguage":"ita-IT","url":"https:\/\/blog.partner.co\/wp-content\/uploads\/2024\/04\/PTR_BLOG_HEADER_Werner-Berger-Mt-Everest_v2.jpg","contentUrl":"https:\/\/blog.partner.co\/wp-content\/uploads\/2024\/04\/PTR_BLOG_HEADER_Werner-Berger-Mt-Everest_v2.jpg","width":1400,"height":800},{"@type":"WebPage","@id":"https:\/\/blog.partner.co\/it-it\/werner-berger-membro-del-consiglio-degli-atleti-si-prepara-a-scalare-leverest\/#webpage","url":"https:\/\/blog.partner.co\/it-it\/werner-berger-membro-del-consiglio-degli-atleti-si-prepara-a-scalare-leverest\/","name":"Journal | Partner.Co: Werner Berger, membro del Consiglio degli atleti, si prepara a scalare l'Everest","isPartOf":{"@id":"https:\/\/blog.partner.co\/#website"},"primaryImageOfPage":{"@id":"https:\/\/blog.partner.co\/it-it\/werner-berger-membro-del-consiglio-degli-atleti-si-prepara-a-scalare-leverest\/#primaryimage"},"datePublished":"2024-04-24T14:26:15+00:00","dateModified":"2024-04-24T14:28:19+00:00","description":"Non molti possono affermare di possedere un record nel Guinness dei primati mentre si preparano a raggiungere il Campo Base dell'Everest per la sesta volta, ma il nostro Incaricato Werner Berger pu\u00f2.","breadcrumb":{"@id":"https:\/\/blog.partner.co\/it-it\/werner-berger-membro-del-consiglio-degli-atleti-si-prepara-a-scalare-leverest\/#breadcrumb"},"inLanguage":"ita-IT","potentialAction":[{"@type":"ReadAction","target":["https:\/\/blog.partner.co\/it-it\/werner-berger-membro-del-consiglio-degli-atleti-si-prepara-a-scalare-leverest\/"]}]},{"@type":"BreadcrumbList","@id":"https:\/\/blog.partner.co\/it-it\/werner-berger-membro-del-consiglio-degli-atleti-si-prepara-a-scalare-leverest\/#breadcrumb","itemListElement":[{"@type":"ListItem","position":1,"name":"Home","item":"https:\/\/blog.partner.co\/it-it\/"},{"@type":"ListItem","position":2,"name":"Werner Berger, membro del Consiglio degli atleti, si prepara a scalare l&#8217;Everest"}]},{"@type":"Article","@id":"https:\/\/blog.partner.co\/it-it\/werner-berger-membro-del-consiglio-degli-atleti-si-prepara-a-scalare-leverest\/#article","isPartOf":{"@id":"https:\/\/blog.partner.co\/it-it\/werner-berger-membro-del-consiglio-degli-atleti-si-prepara-a-scalare-leverest\/#webpage"},"author":{"@id":"https:\/\/blog.partner.co\/#\/schema\/person\/d326940973505b0fc7fcdeb02a4b24a3"},"headline":"Werner Berger, membro del Consiglio degli atleti, si prepara a scalare l&#8217;Everest","datePublished":"2024-04-24T14:26:15+00:00","dateModified":"2024-04-24T14:28:19+00:00","mainEntityOfPage":{"@id":"https:\/\/blog.partner.co\/it-it\/werner-berger-membro-del-consiglio-degli-atleti-si-prepara-a-scalare-leverest\/#webpage"},"wordCount":899,"publisher":{"@id":"https:\/\/blog.partner.co\/#organization"},"image":{"@id":"https:\/\/blog.partner.co\/it-it\/werner-berger-membro-del-consiglio-degli-atleti-si-prepara-a-scalare-leverest\/#primaryimage"},"thumbnailUrl":"https:\/\/blog.partner.co\/wp-content\/uploads\/2024\/04\/PTR_BLOG_HEADER_Werner-Berger-Mt-Everest_v2.jpg","articleSection":["Business"],"inLanguage":"ita-IT"},{"@type":"Person","@id":"https:\/\/blog.partner.co\/#\/schema\/person\/d326940973505b0fc7fcdeb02a4b24a3","name":"Brian Zheng","image":{"@type":"ImageObject","@id":"https:\/\/blog.partner.co\/#personlogo","inLanguage":"ita-IT","url":"https:\/\/secure.gravatar.com\/avatar\/360b506a9ac350b52878d51fe8d92d81?s=96&d=mm&r=g","contentUrl":"https:\/\/secure.gravatar.com\/avatar\/360b506a9ac350b52878d51fe8d92d81?s=96&d=mm&r=g","caption":"Brian Zheng"},"url":"https:\/\/blog.partner.co\/it-it\/author\/brianz\/"}]}},"_links":{"self":[{"href":"https:\/\/blog.partner.co\/it-it\/wp-json\/wp\/v2\/posts\/179025"}],"collection":[{"href":"https:\/\/blog.partner.co\/it-it\/wp-json\/wp\/v2\/posts"}],"about":[{"href":"https:\/\/blog.partner.co\/it-it\/wp-json\/wp\/v2\/types\/post"}],"author":[{"embeddable":true,"href":"https:\/\/blog.partner.co\/it-it\/wp-json\/wp\/v2\/users\/87"}],"replies":[{"embeddable":true,"href":"https:\/\/blog.partner.co\/it-it\/wp-json\/wp\/v2\/comments?post=179025"}],"version-history":[{"count":3,"href":"https:\/\/blog.partner.co\/it-it\/wp-json\/wp\/v2\/posts\/179025\/revisions"}],"predecessor-version":[{"id":179036,"href":"https:\/\/blog.partner.co\/it-it\/wp-json\/wp\/v2\/posts\/179025\/revisions\/179036"}],"wp:featuredmedia":[{"embeddable":true,"href":"https:\/\/blog.partner.co\/it-it\/wp-json\/wp\/v2\/media\/179026"}],"wp:attachment":[{"href":"https:\/\/blog.partner.co\/it-it\/wp-json\/wp\/v2\/media?parent=179025"}],"wp:term":[{"taxonomy":"category","embeddable":true,"href":"https:\/\/blog.partner.co\/it-it\/wp-json\/wp\/v2\/categories?post=179025"},{"taxonomy":"post_tag","embeddable":true,"href":"https:\/\/blog.partner.co\/it-it\/wp-json\/wp\/v2\/tags?post=179025"}],"curies":[{"name":"wp","href":"https:\/\/api.w.org\/{rel}","templated":true}]}}