{"id":66875,"date":"2023-04-21T14:09:12","date_gmt":"2023-04-21T14:09:12","guid":{"rendered":"https:\/\/blog.partner.co\/collaborons-avec-la-planete-et-celebrons-la-journee-de-la-terre\/"},"modified":"2023-04-21T14:10:25","modified_gmt":"2023-04-21T14:10:25","slug":"collaborons-avec-la-planete-et-celebrons-la-journee-de-la-terre","status":"publish","type":"post","link":"https:\/\/blog.partner.co\/fr-fr\/collaborons-avec-la-planete-et-celebrons-la-journee-de-la-terre\/","title":{"rendered":"Collaborons avec la plan\u00e8te et c\u00e9l\u00e9brons la Journ\u00e9e de la Terre"},"content":{"rendered":"\n<p>Chez Partner.Co, nous nous engageons \u00e0 r\u00e9duire notre impact sur l&#8217;environnement et \u00e0 r\u00e9duire notre empreinte \u00e9cologique dans toutes nos pratiques.<\/p>\n\n\n\n<p>Nous devons tous partager les ressources naturelles limit\u00e9es de la plan\u00e8te afin de garantir \u00e0 la prochaine g\u00e9n\u00e9ration, et \u00e0 celles qui suivront, l&#8217;acc\u00e8s aux m\u00eames mat\u00e9riaux et ressources. Le d\u00e9sir de notre entreprise d&#8217;\u00eatre partenaire de la plan\u00e8te est un principe directeur. Nous avons le pouvoir de prot\u00e9ger cet endroit pr\u00e9cieux et nous faisons tout ce qui est en notre pouvoir pour y parvenir.<\/p>\n\n\n\n<p>C&#8217;est pourquoi, en tant qu&#8217;entit\u00e9 mondiale, nous restons d\u00e9termin\u00e9s \u00e0 r\u00e9duire notre empreinte carbone en augmentant les taux de recyclage et en utilisant des alternatives plus durables aux options d&#8217;emballage existantes. Notre objectif reste le m\u00eame : fabriquer des produits \u00e0 fort impact b\u00e9n\u00e9fique et \u00e0 faible impact environnemental.<\/p>\n\n\n\n<div class=\"wp-block-image\"><figure class=\"alignleft size-medium\"><img loading=\"lazy\" width=\"240\" height=\"300\" src=\"https:\/\/blog.partner.co\/wp-content\/uploads\/2023\/04\/Artboard-2-240x300.jpg\" alt=\"\" class=\"wp-image-66858\" srcset=\"https:\/\/blog.partner.co\/wp-content\/uploads\/2023\/04\/Artboard-2-240x300.jpg 240w, https:\/\/blog.partner.co\/wp-content\/uploads\/2023\/04\/Artboard-2-819x1024.jpg 819w, https:\/\/blog.partner.co\/wp-content\/uploads\/2023\/04\/Artboard-2-768x960.jpg 768w, https:\/\/blog.partner.co\/wp-content\/uploads\/2023\/04\/Artboard-2.jpg 1080w\" sizes=\"(max-width: 240px) 100vw, 240px\" \/><\/figure><\/div>\n\n\n\n<p><strong>Cr\u00e9er des emballages bien pens\u00e9s<\/strong><\/p>\n\n\n\n<p>Nous explorons sans cesse de nouveaux moyens de r\u00e9duire les mat\u00e9riaux d&#8217;emballage et d&#8217;incorporer des mat\u00e9riaux recycl\u00e9s dans leur d\u00e9veloppement. Gr\u00e2ce aux efforts d\u00e9ploy\u00e9s ces derni\u00e8res ann\u00e9es, nous avons r\u00e9ussi \u00e0 rendre recyclables 69 % des plus de 140 produits que nous commercialisons (et leurs composants) !<\/p>\n\n\n\n<p>Nous travaillons en permanence avec nos fabricants pour identifier les nouvelles technologies et les innovations en mati\u00e8re d&#8217;emballage pour tous les composants qui ne sont pas recyclables ou qui sont difficiles \u00e0 recycler.<\/p>\n\n\n\n<div style=\"height:5px\" aria-hidden=\"true\" class=\"wp-block-spacer\"><\/div>\n\n\n\n<div class=\"wp-block-image\"><figure class=\"alignright size-medium\"><img loading=\"lazy\" width=\"240\" height=\"300\" src=\"https:\/\/blog.partner.co\/wp-content\/uploads\/2023\/04\/Artboard-3-240x300.jpg\" alt=\"\" class=\"wp-image-66846\" srcset=\"https:\/\/blog.partner.co\/wp-content\/uploads\/2023\/04\/Artboard-3-240x300.jpg 240w, https:\/\/blog.partner.co\/wp-content\/uploads\/2023\/04\/Artboard-3-819x1024.jpg 819w, https:\/\/blog.partner.co\/wp-content\/uploads\/2023\/04\/Artboard-3-768x960.jpg 768w, https:\/\/blog.partner.co\/wp-content\/uploads\/2023\/04\/Artboard-3.jpg 1080w\" sizes=\"(max-width: 240px) 100vw, 240px\" \/><\/figure><\/div>\n\n\n\n<p><strong>R\u00e9colte \u00e9thique du noni<\/strong><\/p>\n\n\n\n<p>Nos fruits de <a href=\"https:\/\/partner.co\/shop\/product\/tahitian-noni-original\">noni<\/a> sont cultiv\u00e9s sans pesticides ni engrais chimiques. Les exploitations familiales multig\u00e9n\u00e9rationnelles avec lesquelles nous travaillons ne r\u00e9coltent qu&#8217;\u00e0 la main, il n&#8217;y a rien de plus naturel !<\/p>\n\n\n\n<p>Les fruits d&#8217;un m\u00eame noni se trouvant \u00e0 diff\u00e9rents stades de maturit\u00e9, une grande partie d&#8217;entre eux tombent sur le sol et se d\u00e9composent. Au fur et \u00e0 mesure que les fruits se d\u00e9composent, les nutriments retournent dans le sol, poursuivant le cycle pour le prochain lot de fruits.<\/p>\n\n\n\n<div style=\"height:5px\" aria-hidden=\"true\" class=\"wp-block-spacer\"><\/div>\n\n\n\n<div class=\"wp-block-image\"><figure class=\"alignleft size-medium\"><img loading=\"lazy\" width=\"240\" height=\"300\" src=\"https:\/\/blog.partner.co\/wp-content\/uploads\/2023\/04\/Artboard-4-240x300.jpg\" alt=\"\" class=\"wp-image-66849\" srcset=\"https:\/\/blog.partner.co\/wp-content\/uploads\/2023\/04\/Artboard-4-240x300.jpg 240w, https:\/\/blog.partner.co\/wp-content\/uploads\/2023\/04\/Artboard-4-819x1024.jpg 819w, https:\/\/blog.partner.co\/wp-content\/uploads\/2023\/04\/Artboard-4-768x960.jpg 768w, https:\/\/blog.partner.co\/wp-content\/uploads\/2023\/04\/Artboard-4.jpg 1080w\" sizes=\"(max-width: 240px) 100vw, 240px\" \/><\/figure><\/div>\n\n\n\n<p><strong>Pr\u00e9venir les d\u00e9chets avec Puritii\u00ae<\/strong><\/p>\n\n\n\n<p>Les bouteilles en plastique sont l&#8217;un des pires ennemis de notre environnement, surtout lorsqu&#8217;elles ne sont pas recycl\u00e9es. Gr\u00e2ce \u00e0 nos <a href=\"https:\/\/partner.co\/shop\/product\/puritii-water-filtration-system\">bouteilles d&#8217;eau r\u00e9utilisables Puritii\u00ae Tritan<\/a>, nous avons r\u00e9ussi \u00e0 \u00e9viter que <em>plus de 52 millions de bouteilles en plastique<\/em> soient jet\u00e9es dans les d\u00e9charges et les oc\u00e9ans de notre plan\u00e8te ! La prochaine fois que vous remplirez votre bouteille Puritii, souriez, car vous contribuez activement \u00e0 ce changement.<\/p>\n\n\n\n<div style=\"height:5px\" aria-hidden=\"true\" class=\"wp-block-spacer\"><\/div>\n\n\n\n<div class=\"wp-block-image\"><figure class=\"alignright size-medium is-resized\"><img loading=\"lazy\" src=\"https:\/\/blog.partner.co\/wp-content\/uploads\/2023\/04\/Artboard-5-240x300.jpg\" alt=\"\" class=\"wp-image-66852\" width=\"260\" height=\"325\" srcset=\"https:\/\/blog.partner.co\/wp-content\/uploads\/2023\/04\/Artboard-5-240x300.jpg 240w, https:\/\/blog.partner.co\/wp-content\/uploads\/2023\/04\/Artboard-5-819x1024.jpg 819w, https:\/\/blog.partner.co\/wp-content\/uploads\/2023\/04\/Artboard-5-768x960.jpg 768w, https:\/\/blog.partner.co\/wp-content\/uploads\/2023\/04\/Artboard-5.jpg 1080w\" sizes=\"(max-width: 260px) 100vw, 260px\" \/><\/figure><\/div>\n\n\n\n<p><strong>Prot\u00e9ger nos oc\u00e9ans avec Lucim\u2122<\/strong><\/p>\n\n\n\n<p>En moyenne, presque 13 millions de litres de cr\u00e8me solaire sont d\u00e9vers\u00e9es<em> chaque ann\u00e9e<\/em> dans les oc\u00e9ans du monde entier (l&#8217;\u00e9quivalent de plus de quatre fus\u00e9es Saturn V, la fus\u00e9e qui a amen\u00e9 les premiers hommes sur la lune). Malheureusement, la plupart des cr\u00e8mes solaires contiennent des ingr\u00e9dients hautement toxiques pour la vie marine, en particulier pour les r\u00e9cifs coralliens de nos oc\u00e9ans. Ces toxines causent des dommages irr\u00e9parables \u00e0 l&#8217;environnement.<\/p>\n\n\n\n<p>La <a href=\"https:\/\/partner.co\/shop\/product\/lucim-mineral-sunscreen-spf-30\">Cr\u00e8me Solaire min\u00e9rale Lucim SPF 30<\/a> n&#8217;est pas seulement la meilleure d\u00e9fense contre les effets nocifs des rayons UVA et UVB, elle est \u00e9galement sans danger pour les r\u00e9cifs coralliens ! Nous avons soigneusement mis au point cette formule non toxique en pensant \u00e0 notre incroyable plan\u00e8te. Appliquez-la et plongez dans l&#8217;oc\u00e9an sans craindre de laisser derri\u00e8re vous des produits chimiques nocifs.<\/p>\n\n\n\n<div style=\"height:5px\" aria-hidden=\"true\" class=\"wp-block-spacer\"><\/div>\n\n\n\n<div class=\"wp-block-image\"><figure class=\"alignleft size-medium\"><img loading=\"lazy\" width=\"240\" height=\"300\" src=\"https:\/\/blog.partner.co\/wp-content\/uploads\/2023\/04\/Artboard-6-240x300.jpg\" alt=\"\" class=\"wp-image-66855\" srcset=\"https:\/\/blog.partner.co\/wp-content\/uploads\/2023\/04\/Artboard-6-240x300.jpg 240w, https:\/\/blog.partner.co\/wp-content\/uploads\/2023\/04\/Artboard-6-819x1024.jpg 819w, https:\/\/blog.partner.co\/wp-content\/uploads\/2023\/04\/Artboard-6-768x960.jpg 768w, https:\/\/blog.partner.co\/wp-content\/uploads\/2023\/04\/Artboard-6.jpg 1080w\" sizes=\"(max-width: 240px) 100vw, 240px\" \/><\/figure><\/div>\n\n\n\n<p><strong>Un engagement sans cruaut\u00e9<\/strong><\/p>\n\n\n\n<p>Nous d\u00e9fendons la protection de la sant\u00e9 et de la s\u00e9curit\u00e9 humaines ainsi que le traitement \u00e9thique et humain des animaux. C&#8217;est pourquoi nos produits ne sont <em>jamais<\/em> test\u00e9s sur les animaux. Nos produits cosm\u00e9tiques, y compris <a href=\"https:\/\/partner.co\/shop\/search\/lucim\">Lucim et Lucim+\u2122<\/a>, sont certifi\u00e9s par <a href=\"https:\/\/www.leapingbunny.org\/\">Leaping Bunny<\/a> et la campagne <a href=\"https:\/\/www.peta.org\/living\/personal-care-fashion\/beauty-without-bunnies\/\">Beauty without Bunnies de PETA<\/a>.<\/p>\n\n\n\n<div style=\"height:8px\" aria-hidden=\"true\" class=\"wp-block-spacer\"><\/div>\n\n\n\n<p>C\u00e9l\u00e9brez la terre chaque jour en faisant les bons choix !<\/p>\n","protected":false},"excerpt":{"rendered":"<p>Pour la plan\u00e8te, nous nous effor\u00e7ons d\u00e9lib\u00e9r\u00e9ment de r\u00e9duire notre impact et d&#8217;accro\u00eetre notre empreinte en mati\u00e8re de d\u00e9veloppement durable avec chaque produit que nous fabriquons.<\/p>\n","protected":false},"author":32,"featured_media":66842,"comment_status":"closed","ping_status":"closed","sticky":false,"template":"","format":"standard","meta":[],"categories":[1094],"tags":[],"yoast_head":"<!-- This site is optimized with the Yoast SEO plugin v18.3 - https:\/\/yoast.com\/wordpress\/plugins\/seo\/ -->\n<title>Journal | Partner.Co: Collaborons avec la plan\u00e8te et c\u00e9l\u00e9brons la Journ\u00e9e de la Terre<\/title>\n<meta name=\"robots\" content=\"index, follow, max-snippet:-1, max-image-preview:large, max-video-preview:-1\" \/>\n<link rel=\"canonical\" href=\"https:\/\/blog.partner.co\/fr-fr\/collaborons-avec-la-planete-et-celebrons-la-journee-de-la-terre\/\" \/>\n<meta property=\"og:locale\" content=\"fr_FR\" \/>\n<meta property=\"og:type\" content=\"article\" \/>\n<meta property=\"og:title\" content=\"Journal | Partner.Co: Collaborons avec la plan\u00e8te et c\u00e9l\u00e9brons la Journ\u00e9e de la Terre\" \/>\n<meta property=\"og:description\" content=\"Pour la plan\u00e8te, nous nous effor\u00e7ons d\u00e9lib\u00e9r\u00e9ment de r\u00e9duire notre impact et d&#039;accro\u00eetre notre empreinte en mati\u00e8re de d\u00e9veloppement durable avec chaque produit que nous fabriquons.\" \/>\n<meta property=\"og:url\" content=\"https:\/\/blog.partner.co\/fr-fr\/collaborons-avec-la-planete-et-celebrons-la-journee-de-la-terre\/\" \/>\n<meta property=\"og:site_name\" content=\"Partner.Co\" \/>\n<meta property=\"article:published_time\" content=\"2023-04-21T14:09:12+00:00\" \/>\n<meta property=\"article:modified_time\" content=\"2023-04-21T14:10:25+00:00\" \/>\n<meta property=\"og:image\" content=\"https:\/\/blog.partner.co\/wp-content\/uploads\/2023\/04\/PRT_Earth-Day-Blog-Post-Header_04-2023_EU-FRA_v01.jpg\" \/>\n\t<meta property=\"og:image:width\" content=\"1400\" \/>\n\t<meta property=\"og:image:height\" content=\"800\" \/>\n\t<meta property=\"og:image:type\" content=\"image\/jpeg\" \/>\n<meta name=\"twitter:card\" content=\"summary_large_image\" \/>\n<meta name=\"twitter:label1\" content=\"Written by\" \/>\n\t<meta name=\"twitter:data1\" content=\"Sandy Ng\" \/>\n\t<meta name=\"twitter:label2\" content=\"Est. reading time\" \/>\n\t<meta name=\"twitter:data2\" content=\"3 minutes\" \/>\n<script type=\"application\/ld+json\" class=\"yoast-schema-graph\">{\"@context\":\"https:\/\/schema.org\",\"@graph\":[{\"@type\":\"Organization\",\"@id\":\"https:\/\/blog.partner.co\/#organization\",\"name\":\"PartnerCo\",\"url\":\"https:\/\/blog.partner.co\/\",\"sameAs\":[],\"logo\":{\"@type\":\"ImageObject\",\"@id\":\"https:\/\/blog.partner.co\/#logo\",\"inLanguage\":\"fr-FRA\",\"url\":\"https:\/\/blog.partner.co\/wp-content\/uploads\/2024\/01\/ptr_logo-primary-green_200px.png\",\"contentUrl\":\"https:\/\/blog.partner.co\/wp-content\/uploads\/2024\/01\/ptr_logo-primary-green_200px.png\",\"width\":200,\"height\":33,\"caption\":\"PartnerCo\"},\"image\":{\"@id\":\"https:\/\/blog.partner.co\/#logo\"}},{\"@type\":\"WebSite\",\"@id\":\"https:\/\/blog.partner.co\/#website\",\"url\":\"https:\/\/blog.partner.co\/\",\"name\":\"Partner.Co\",\"description\":\"Journal\",\"publisher\":{\"@id\":\"https:\/\/blog.partner.co\/#organization\"},\"potentialAction\":[{\"@type\":\"SearchAction\",\"target\":{\"@type\":\"EntryPoint\",\"urlTemplate\":\"https:\/\/blog.partner.co\/?s={search_term_string}\"},\"query-input\":\"required name=search_term_string\"}],\"inLanguage\":\"fr-FRA\"},{\"@type\":\"ImageObject\",\"@id\":\"https:\/\/blog.partner.co\/fr-fr\/collaborons-avec-la-planete-et-celebrons-la-journee-de-la-terre\/#primaryimage\",\"inLanguage\":\"fr-FRA\",\"url\":\"https:\/\/blog.partner.co\/wp-content\/uploads\/2023\/04\/PRT_Earth-Day-Blog-Post-Header_04-2023_EU-FRA_v01.jpg\",\"contentUrl\":\"https:\/\/blog.partner.co\/wp-content\/uploads\/2023\/04\/PRT_Earth-Day-Blog-Post-Header_04-2023_EU-FRA_v01.jpg\",\"width\":1400,\"height\":800},{\"@type\":\"WebPage\",\"@id\":\"https:\/\/blog.partner.co\/fr-fr\/collaborons-avec-la-planete-et-celebrons-la-journee-de-la-terre\/#webpage\",\"url\":\"https:\/\/blog.partner.co\/fr-fr\/collaborons-avec-la-planete-et-celebrons-la-journee-de-la-terre\/\",\"name\":\"Journal | Partner.Co: Collaborons avec la plan\u00e8te et c\u00e9l\u00e9brons la Journ\u00e9e de la Terre\",\"isPartOf\":{\"@id\":\"https:\/\/blog.partner.co\/#website\"},\"primaryImageOfPage\":{\"@id\":\"https:\/\/blog.partner.co\/fr-fr\/collaborons-avec-la-planete-et-celebrons-la-journee-de-la-terre\/#primaryimage\"},\"datePublished\":\"2023-04-21T14:09:12+00:00\",\"dateModified\":\"2023-04-21T14:10:25+00:00\",\"breadcrumb\":{\"@id\":\"https:\/\/blog.partner.co\/fr-fr\/collaborons-avec-la-planete-et-celebrons-la-journee-de-la-terre\/#breadcrumb\"},\"inLanguage\":\"fr-FRA\",\"potentialAction\":[{\"@type\":\"ReadAction\",\"target\":[\"https:\/\/blog.partner.co\/fr-fr\/collaborons-avec-la-planete-et-celebrons-la-journee-de-la-terre\/\"]}]},{\"@type\":\"BreadcrumbList\",\"@id\":\"https:\/\/blog.partner.co\/fr-fr\/collaborons-avec-la-planete-et-celebrons-la-journee-de-la-terre\/#breadcrumb\",\"itemListElement\":[{\"@type\":\"ListItem\",\"position\":1,\"name\":\"Home\",\"item\":\"https:\/\/blog.partner.co\/fr-fr\/\"},{\"@type\":\"ListItem\",\"position\":2,\"name\":\"Collaborons avec la plan\u00e8te et c\u00e9l\u00e9brons la Journ\u00e9e de la Terre\"}]},{\"@type\":\"Article\",\"@id\":\"https:\/\/blog.partner.co\/fr-fr\/collaborons-avec-la-planete-et-celebrons-la-journee-de-la-terre\/#article\",\"isPartOf\":{\"@id\":\"https:\/\/blog.partner.co\/fr-fr\/collaborons-avec-la-planete-et-celebrons-la-journee-de-la-terre\/#webpage\"},\"author\":{\"@id\":\"https:\/\/blog.partner.co\/#\/schema\/person\/d1eb0fc746ad8a0ee093decbd55ff3b7\"},\"headline\":\"Collaborons avec la plan\u00e8te et c\u00e9l\u00e9brons la Journ\u00e9e de la Terre\",\"datePublished\":\"2023-04-21T14:09:12+00:00\",\"dateModified\":\"2023-04-21T14:10:25+00:00\",\"mainEntityOfPage\":{\"@id\":\"https:\/\/blog.partner.co\/fr-fr\/collaborons-avec-la-planete-et-celebrons-la-journee-de-la-terre\/#webpage\"},\"wordCount\":656,\"publisher\":{\"@id\":\"https:\/\/blog.partner.co\/#organization\"},\"image\":{\"@id\":\"https:\/\/blog.partner.co\/fr-fr\/collaborons-avec-la-planete-et-celebrons-la-journee-de-la-terre\/#primaryimage\"},\"thumbnailUrl\":\"https:\/\/blog.partner.co\/wp-content\/uploads\/2023\/04\/PRT_Earth-Day-Blog-Post-Header_04-2023_EU-FRA_v01.jpg\",\"articleSection\":[\"Lifestyle\"],\"inLanguage\":\"fr-FRA\"},{\"@type\":\"Person\",\"@id\":\"https:\/\/blog.partner.co\/#\/schema\/person\/d1eb0fc746ad8a0ee093decbd55ff3b7\",\"name\":\"Sandy Ng\",\"image\":{\"@type\":\"ImageObject\",\"@id\":\"https:\/\/blog.partner.co\/#personlogo\",\"inLanguage\":\"fr-FRA\",\"url\":\"https:\/\/secure.gravatar.com\/avatar\/95f3464d8be2f38711f7e4731ea4e1b4?s=96&d=mm&r=g\",\"contentUrl\":\"https:\/\/secure.gravatar.com\/avatar\/95f3464d8be2f38711f7e4731ea4e1b4?s=96&d=mm&r=g\",\"caption\":\"Sandy Ng\"},\"url\":\"https:\/\/blog.partner.co\/fr-fr\/author\/sandy-ngariix-com\/\"}]}<\/script>\n<!-- \/ Yoast SEO plugin. -->","yoast_head_json":{"title":"Journal | Partner.Co: Collaborons avec la plan\u00e8te et c\u00e9l\u00e9brons la Journ\u00e9e de la Terre","robots":{"index":"index","follow":"follow","max-snippet":"max-snippet:-1","max-image-preview":"max-image-preview:large","max-video-preview":"max-video-preview:-1"},"canonical":"https:\/\/blog.partner.co\/fr-fr\/collaborons-avec-la-planete-et-celebrons-la-journee-de-la-terre\/","og_locale":"fr_FR","og_type":"article","og_title":"Journal | Partner.Co: Collaborons avec la plan\u00e8te et c\u00e9l\u00e9brons la Journ\u00e9e de la Terre","og_description":"Pour la plan\u00e8te, nous nous effor\u00e7ons d\u00e9lib\u00e9r\u00e9ment de r\u00e9duire notre impact et d'accro\u00eetre notre empreinte en mati\u00e8re de d\u00e9veloppement durable avec chaque produit que nous fabriquons.","og_url":"https:\/\/blog.partner.co\/fr-fr\/collaborons-avec-la-planete-et-celebrons-la-journee-de-la-terre\/","og_site_name":"Partner.Co","article_published_time":"2023-04-21T14:09:12+00:00","article_modified_time":"2023-04-21T14:10:25+00:00","og_image":[{"width":1400,"height":800,"url":"https:\/\/blog.partner.co\/wp-content\/uploads\/2023\/04\/PRT_Earth-Day-Blog-Post-Header_04-2023_EU-FRA_v01.jpg","type":"image\/jpeg"}],"twitter_card":"summary_large_image","twitter_misc":{"Written by":"Sandy Ng","Est. reading time":"3 minutes"},"schema":{"@context":"https:\/\/schema.org","@graph":[{"@type":"Organization","@id":"https:\/\/blog.partner.co\/#organization","name":"PartnerCo","url":"https:\/\/blog.partner.co\/","sameAs":[],"logo":{"@type":"ImageObject","@id":"https:\/\/blog.partner.co\/#logo","inLanguage":"fr-FRA","url":"https:\/\/blog.partner.co\/wp-content\/uploads\/2024\/01\/ptr_logo-primary-green_200px.png","contentUrl":"https:\/\/blog.partner.co\/wp-content\/uploads\/2024\/01\/ptr_logo-primary-green_200px.png","width":200,"height":33,"caption":"PartnerCo"},"image":{"@id":"https:\/\/blog.partner.co\/#logo"}},{"@type":"WebSite","@id":"https:\/\/blog.partner.co\/#website","url":"https:\/\/blog.partner.co\/","name":"Partner.Co","description":"Journal","publisher":{"@id":"https:\/\/blog.partner.co\/#organization"},"potentialAction":[{"@type":"SearchAction","target":{"@type":"EntryPoint","urlTemplate":"https:\/\/blog.partner.co\/?s={search_term_string}"},"query-input":"required name=search_term_string"}],"inLanguage":"fr-FRA"},{"@type":"ImageObject","@id":"https:\/\/blog.partner.co\/fr-fr\/collaborons-avec-la-planete-et-celebrons-la-journee-de-la-terre\/#primaryimage","inLanguage":"fr-FRA","url":"https:\/\/blog.partner.co\/wp-content\/uploads\/2023\/04\/PRT_Earth-Day-Blog-Post-Header_04-2023_EU-FRA_v01.jpg","contentUrl":"https:\/\/blog.partner.co\/wp-content\/uploads\/2023\/04\/PRT_Earth-Day-Blog-Post-Header_04-2023_EU-FRA_v01.jpg","width":1400,"height":800},{"@type":"WebPage","@id":"https:\/\/blog.partner.co\/fr-fr\/collaborons-avec-la-planete-et-celebrons-la-journee-de-la-terre\/#webpage","url":"https:\/\/blog.partner.co\/fr-fr\/collaborons-avec-la-planete-et-celebrons-la-journee-de-la-terre\/","name":"Journal | Partner.Co: Collaborons avec la plan\u00e8te et c\u00e9l\u00e9brons la Journ\u00e9e de la Terre","isPartOf":{"@id":"https:\/\/blog.partner.co\/#website"},"primaryImageOfPage":{"@id":"https:\/\/blog.partner.co\/fr-fr\/collaborons-avec-la-planete-et-celebrons-la-journee-de-la-terre\/#primaryimage"},"datePublished":"2023-04-21T14:09:12+00:00","dateModified":"2023-04-21T14:10:25+00:00","breadcrumb":{"@id":"https:\/\/blog.partner.co\/fr-fr\/collaborons-avec-la-planete-et-celebrons-la-journee-de-la-terre\/#breadcrumb"},"inLanguage":"fr-FRA","potentialAction":[{"@type":"ReadAction","target":["https:\/\/blog.partner.co\/fr-fr\/collaborons-avec-la-planete-et-celebrons-la-journee-de-la-terre\/"]}]},{"@type":"BreadcrumbList","@id":"https:\/\/blog.partner.co\/fr-fr\/collaborons-avec-la-planete-et-celebrons-la-journee-de-la-terre\/#breadcrumb","itemListElement":[{"@type":"ListItem","position":1,"name":"Home","item":"https:\/\/blog.partner.co\/fr-fr\/"},{"@type":"ListItem","position":2,"name":"Collaborons avec la plan\u00e8te et c\u00e9l\u00e9brons la Journ\u00e9e de la Terre"}]},{"@type":"Article","@id":"https:\/\/blog.partner.co\/fr-fr\/collaborons-avec-la-planete-et-celebrons-la-journee-de-la-terre\/#article","isPartOf":{"@id":"https:\/\/blog.partner.co\/fr-fr\/collaborons-avec-la-planete-et-celebrons-la-journee-de-la-terre\/#webpage"},"author":{"@id":"https:\/\/blog.partner.co\/#\/schema\/person\/d1eb0fc746ad8a0ee093decbd55ff3b7"},"headline":"Collaborons avec la plan\u00e8te et c\u00e9l\u00e9brons la Journ\u00e9e de la Terre","datePublished":"2023-04-21T14:09:12+00:00","dateModified":"2023-04-21T14:10:25+00:00","mainEntityOfPage":{"@id":"https:\/\/blog.partner.co\/fr-fr\/collaborons-avec-la-planete-et-celebrons-la-journee-de-la-terre\/#webpage"},"wordCount":656,"publisher":{"@id":"https:\/\/blog.partner.co\/#organization"},"image":{"@id":"https:\/\/blog.partner.co\/fr-fr\/collaborons-avec-la-planete-et-celebrons-la-journee-de-la-terre\/#primaryimage"},"thumbnailUrl":"https:\/\/blog.partner.co\/wp-content\/uploads\/2023\/04\/PRT_Earth-Day-Blog-Post-Header_04-2023_EU-FRA_v01.jpg","articleSection":["Lifestyle"],"inLanguage":"fr-FRA"},{"@type":"Person","@id":"https:\/\/blog.partner.co\/#\/schema\/person\/d1eb0fc746ad8a0ee093decbd55ff3b7","name":"Sandy Ng","image":{"@type":"ImageObject","@id":"https:\/\/blog.partner.co\/#personlogo","inLanguage":"fr-FRA","url":"https:\/\/secure.gravatar.com\/avatar\/95f3464d8be2f38711f7e4731ea4e1b4?s=96&d=mm&r=g","contentUrl":"https:\/\/secure.gravatar.com\/avatar\/95f3464d8be2f38711f7e4731ea4e1b4?s=96&d=mm&r=g","caption":"Sandy Ng"},"url":"https:\/\/blog.partner.co\/fr-fr\/author\/sandy-ngariix-com\/"}]}},"_links":{"self":[{"href":"https:\/\/blog.partner.co\/fr-fr\/wp-json\/wp\/v2\/posts\/66875"}],"collection":[{"href":"https:\/\/blog.partner.co\/fr-fr\/wp-json\/wp\/v2\/posts"}],"about":[{"href":"https:\/\/blog.partner.co\/fr-fr\/wp-json\/wp\/v2\/types\/post"}],"author":[{"embeddable":true,"href":"https:\/\/blog.partner.co\/fr-fr\/wp-json\/wp\/v2\/users\/32"}],"replies":[{"embeddable":true,"href":"https:\/\/blog.partner.co\/fr-fr\/wp-json\/wp\/v2\/comments?post=66875"}],"version-history":[{"count":2,"href":"https:\/\/blog.partner.co\/fr-fr\/wp-json\/wp\/v2\/posts\/66875\/revisions"}],"predecessor-version":[{"id":66879,"href":"https:\/\/blog.partner.co\/fr-fr\/wp-json\/wp\/v2\/posts\/66875\/revisions\/66879"}],"wp:featuredmedia":[{"embeddable":true,"href":"https:\/\/blog.partner.co\/fr-fr\/wp-json\/wp\/v2\/media\/66842"}],"wp:attachment":[{"href":"https:\/\/blog.partner.co\/fr-fr\/wp-json\/wp\/v2\/media?parent=66875"}],"wp:term":[{"taxonomy":"category","embeddable":true,"href":"https:\/\/blog.partner.co\/fr-fr\/wp-json\/wp\/v2\/categories?post=66875"},{"taxonomy":"post_tag","embeddable":true,"href":"https:\/\/blog.partner.co\/fr-fr\/wp-json\/wp\/v2\/tags?post=66875"}],"curies":[{"name":"wp","href":"https:\/\/api.w.org\/{rel}","templated":true}]}}