{"id":179013,"date":"2024-04-24T14:11:03","date_gmt":"2024-04-24T14:11:03","guid":{"rendered":"https:\/\/blog.partner.co\/werner-berger-du-conseil-des-athletes-se-prepare-a-faire-un-trek-sur-leverest\/"},"modified":"2024-04-24T14:22:42","modified_gmt":"2024-04-24T14:22:42","slug":"werner-berger-du-conseil-des-athletes-se-prepare-a-faire-un-trek-sur-leverest","status":"publish","type":"post","link":"https:\/\/blog.partner.co\/fr-fr\/werner-berger-du-conseil-des-athletes-se-prepare-a-faire-un-trek-sur-leverest\/","title":{"rendered":"Werner Berger, du Conseil des Athl\u00e8tes, se pr\u00e9pare \u00e0 faire un trek sur l&#8217;Everest"},"content":{"rendered":"\n<p>Au d\u00e9but des ann\u00e9es 1990, alors qu&#8217;il avait la cinquantaine, Werner Berger a d\u00e9cid\u00e9 de faire quelque chose de compl\u00e8tement diff\u00e9rent de ce qu&#8217;il avait fait jusque-l\u00e0 dans sa vie : il voulait escalader une montagne. Et pas n&#8217;importe quelle montagne : le mont Everest, le plus haut du monde.<\/p>\n\n<p>Au d\u00e9but, raconte-t-il, sa famille s&#8217;est moqu\u00e9e de cette id\u00e9e. Mais deux ans plus tard, l&#8217;un de ses fils lui a propos\u00e9 de faire un trekking jusqu&#8217;au camp de base de l&#8217;Everest. Werner a accept\u00e9, a effectu\u00e9 l&#8217;excursion et la m\u00e8che a \u00e9t\u00e9 allum\u00e9e. Depuis cette \u00e9poque, il y a plus de 30 ans, Werner est non seulement retourn\u00e9 au sommet de l&#8217;Everest, mais il a \u00e9galement escalad\u00e9 les sept sommets, c&#8217;est-\u00e0-dire les plus hauts sommets des sept continents.<\/p>\n\n<p>Mais il n&#8217;en est pas rest\u00e9 l\u00e0 : il a \u00e9galement escalad\u00e9 la pyramide de Carstensz, en Nouvelle-Guin\u00e9e, la plus haute montagne du monde situ\u00e9e sur une \u00eele, r\u00e9alisant ainsi ce que l&#8217;on appelle les &#8220;Messner 7&#8221;. Ainsi, Werner a inscrit son nom dans le livre Guinness des records en tant que la personne la plus \u00e2g\u00e9e \u00e0 avoir escalad\u00e9 les sept sommets. En novembre 2013, \u00e0 l&#8217;\u00e2ge de 77 ans, Werner a achev\u00e9 chaque randonn\u00e9e en l&#8217;espace de 12 mois.<\/p>\n\n<figure class=\"wp-block-image size-large\"><img loading=\"lazy\" width=\"1024\" height=\"447\" src=\"https:\/\/blog.partner.co\/wp-content\/uploads\/2024\/04\/image-asset-2-1-1024x447.jpeg\" alt=\"\" class=\"wp-image-179020\" srcset=\"https:\/\/blog.partner.co\/wp-content\/uploads\/2024\/04\/image-asset-2-1-1024x447.jpeg 1024w, https:\/\/blog.partner.co\/wp-content\/uploads\/2024\/04\/image-asset-2-1-300x131.jpeg 300w, https:\/\/blog.partner.co\/wp-content\/uploads\/2024\/04\/image-asset-2-1-768x335.jpeg 768w, https:\/\/blog.partner.co\/wp-content\/uploads\/2024\/04\/image-asset-2-1-1536x671.jpeg 1536w, https:\/\/blog.partner.co\/wp-content\/uploads\/2024\/04\/image-asset-2-1-2048x895.jpeg 2048w, https:\/\/blog.partner.co\/wp-content\/uploads\/2024\/04\/image-asset-2-1-1080x472.jpeg 1080w\" sizes=\"(max-width: 1024px) 100vw, 1024px\" \/><\/figure>\n<h1 class=\"has-text-align-center\"><strong>De si grandes hauteurs<\/strong><\/h1>\n\n<p>Aujourd&#8217;hui, \u00e0 86 ans, Werner s&#8217;appr\u00eate \u00e0 retourner l\u00e0 o\u00f9 tout a commenc\u00e9 et \u00e0 escalader le camp de base de l&#8217;Everest pour la sixi\u00e8me fois et pour la premi\u00e8re fois depuis 2016. Pour ce voyage, Werner sera \u00e0 la t\u00eate d&#8217;une \u00e9quipe de 15 personnes. Lors de ses pr\u00e9c\u00e9dents voyages, il a dirig\u00e9 des groupes plus importants, mais une chose est rest\u00e9e inchang\u00e9e : il a toujours r\u00e9ussi \u00e0 amener son groupe au camp de base.<\/p>\n\n<blockquote class=\"wp-block-quote\"><p>&#8220;Les athl\u00e8tes ont les taux d&#8217;abandon les plus \u00e9lev\u00e9s parce qu&#8217;ils poussent plus fort et s&#8217;\u00e9puisent. Le taux d&#8217;abandon normal est de 24 \u00e0 44 %. L&#8217;arriv\u00e9e au camp de base est une question de conditionnement avant l&#8217;ascension, de proc\u00e9dures d&#8217;acclimatation et d&#8217;assurance que les gens ralentissent et respirent correctement. Il ne s&#8217;agit pas simplement de faire un pas, un pas, un pas, un pas. On fait un pas, on respire, on fait un pas.&#8221;<\/p><\/blockquote>\n\n<p>Pour ce trek, Werner et son \u00e9quipe mettront dix jours pour atteindre le camp de base, et trois jours de plus pour revenir. &#8220;La diff\u00e9rence de temps est li\u00e9e \u00e0 l&#8217;acclimatation sur le chemin du retour&#8221;, a-t-il d\u00e9clar\u00e9. Leur altitude de d\u00e9part \u00e0 Lukla, au N\u00e9pal, est de 2 860 m\u00e8tres, et ils marcheront jusqu&#8217;au camp de base, qui se trouve \u00e0 5 364 m\u00e8tres. Ils porteront leurs propres sacs (qui p\u00e8sent environ 25 kg) et n&#8217;utiliseront pas d&#8217;oxyg\u00e8ne. Werner a d\u00e9clar\u00e9 qu&#8217;il avait d\u00e9j\u00e0 utilis\u00e9 de l&#8217;oxyg\u00e8ne sur l&#8217;Everest : lorsqu&#8217;il a atteint le sommet : mais pas avant d&#8217;avoir atteint les 20 000 pieds d&#8217;altitude.<\/p>\n\n<p>Au cours de leur voyage, ils perdront deux jours pour s&#8217;acclimater. En gros, ils passeront du temps \u00e0 monter, \u00e0 s&#8217;adapter \u00e0 la nouvelle altitude, puis \u00e0 se rendormir plus bas.<\/p>\n\n<p>&#8220;C&#8217;est ce qui pousse le corps \u00e0 s&#8217;adapter&#8221;, explique Werner.<\/p>\n\n<p>Avant le trekking, Werner \u00e9quilibre son r\u00e9gime d&#8217;entra\u00eenement de mani\u00e8re \u00e0 pouvoir le terminer avec succ\u00e8s. L&#8217;ann\u00e9e derni\u00e8re, il a subi une double arthroplastie du genou, en cons\u00e9quence son entra\u00eenement actuel est diff\u00e9rent de celui des ann\u00e9es pr\u00e9c\u00e9dentes, puisqu&#8217;il doit s&#8217;efforcer de ne pas en faire trop tout en se pr\u00e9parant \u00e0 marcher jusqu&#8217;\u00e0 17 598 pieds.<\/p>\n\n<figure class=\"wp-block-image size-large\"><img loading=\"lazy\" width=\"1024\" height=\"447\" src=\"https:\/\/blog.partner.co\/wp-content\/uploads\/2024\/04\/hikers-fromemail-2-1024x447.jpeg\" alt=\"\" class=\"wp-image-179021\" srcset=\"https:\/\/blog.partner.co\/wp-content\/uploads\/2024\/04\/hikers-fromemail-2-1024x447.jpeg 1024w, https:\/\/blog.partner.co\/wp-content\/uploads\/2024\/04\/hikers-fromemail-2-300x131.jpeg 300w, https:\/\/blog.partner.co\/wp-content\/uploads\/2024\/04\/hikers-fromemail-2-768x335.jpeg 768w, https:\/\/blog.partner.co\/wp-content\/uploads\/2024\/04\/hikers-fromemail-2-1536x671.jpeg 1536w, https:\/\/blog.partner.co\/wp-content\/uploads\/2024\/04\/hikers-fromemail-2-2048x895.jpeg 2048w, https:\/\/blog.partner.co\/wp-content\/uploads\/2024\/04\/hikers-fromemail-2-1080x472.jpeg 1080w\" sizes=\"(max-width: 1024px) 100vw, 1024px\" \/><\/figure>\n<p>Les \u00e9ventuels points douloureux de l&#8217;entra\u00eenement sont toutefois largement \u00e9clips\u00e9s par ce qu&#8217;il attend le plus de son prochain voyage.<\/p>\n\n<p>&#8220;La joie absolue d&#8217;aider les personnes qui m&#8217;accompagnent \u00e0 vivre cette exp\u00e9rience hors du commun, c&#8217;est la seule fa\u00e7on dont je peux la d\u00e9crire&#8221;, a-t-il d\u00e9clar\u00e9.<\/p>\n\n<blockquote class=\"wp-block-quote\"><p>&#8220;C&#8217;est vraiment ce qui m&#8217;a accroch\u00e9 : \u00eatre dans ce silence magnifique auquel nous ne sommes pas habitu\u00e9s et, par cons\u00e9quent, avoir le sentiment de faire partie de tout et de tout appr\u00e9cier, qu&#8217;il s&#8217;agisse d&#8217;un nuage, du soleil ou d&#8217;une goutte de pluie, m\u00eame si la pluie est rare lors des treks de printemps.&#8221;<\/p><\/blockquote>\n\n<p>La deuxi\u00e8me partie, qu&#8217;il a eu l&#8217;occasion d&#8217;exp\u00e9rimenter \u00e0 plusieurs reprises, est &#8220;le simple fait de se retrouver dans cet environnement parce qu&#8217;il est si facile de se sentir connect\u00e9 \u00e0 tout et d&#8217;\u00eatre \u00e9merveill\u00e9 par la splendeur et la grandeur de cette plan\u00e8te.&#8221;<\/p>\n\n<h1 class=\"has-text-align-center\"><strong>La puissance de Partner.Co<\/strong><\/h1>\n\n<p>Naturellement, selon Werner, les suppl\u00e9ments de Partner.Co constituent une part importante de son r\u00e9gime de bien-\u00eatre, tant pendant l&#8217;entra\u00eenement que pendant le trekking.<\/p>\n\n<p>&#8220;\u00c0 l&#8217;origine, je disais que je n&#8217;avais pas besoin de suppl\u00e9ments parce que je mangeais bien. Mon ami m&#8217;a dit : \u00ab Manifestement, tu ne connais pas grand-chose \u00e0 la nutrition.&#8221;&#13;\n&#13;\n\u00a0&#13;\n&#13;\nLes changements ressentis par Werner sont \u00e9tonnants.<\/p>\n\n<blockquote class=\"wp-block-quote\"><p>&#8220;J&#8217;ai ador\u00e9 l&#8217;\u00e9nergie, la vitalit\u00e9 et l&#8217;endurance que m&#8217;apportaient les suppl\u00e9ments.&#8221;<\/p><\/blockquote>\n\n<p>Werner a ajout\u00e9 qu&#8217;il pensait que les suppl\u00e9ments qu&#8217;il prenait contribuaient \u00e0 att\u00e9nuer les migraines qu&#8217;il ressentait. Apr\u00e8s toutes ces exp\u00e9riences positives, il \u00e9tait clair pour Werner qu&#8217;il ne se passerait plus jamais des produits Partner.Co.<\/p>\n\n<p>&#8220;J&#8217;ai eu de si bonnes exp\u00e9riences au fil des ans [avec les suppl\u00e9ments de Partner.Co], alors pourquoi je changerais ?&#8221;<\/p>\n\n<p>Mais a-t-il un produit pr\u00e9f\u00e9r\u00e9 qui l&#8217;aide \u00e0 s&#8217;entra\u00eener ?<\/p>\n\n<p>&#8220;Trois mots : Tous les produits.&#8221;<\/p>\n\n<p>&#8220;Il n&#8217;y a pas de favori parce que, d&#8217;apr\u00e8s mon exp\u00e9rience, j&#8217;ai pris tous les suppl\u00e9ments disponibles, et c&#8217;est ce qui fonctionne. Ils fonctionnent ensemble. Nous ne pouvons pas nous contenter d&#8217;antioxydants, ou de vitamines ou de min\u00e9raux pour survivre. Nous avons besoin de tout cela, alors je les prends tous, et c&#8217;est ce qui fait la diff\u00e9rence.&#8221;<\/p>\n\n<p>Nous sommes reconnaissants \u00e0 Werner d&#8217;avoir trouv\u00e9 un v\u00e9ritable partenariat avec nous et nos produits, et qu&#8217;il va les emmener avec lui dans cet incroyable voyage qu&#8217;il est sur le point d&#8217;entreprendre. Restez \u00e0 l&#8217;\u00e9coute pour en savoir plus sur le voyage de Werner \u00e0 son retour, ainsi que pour d\u00e9couvrir des contenus exclusifs pris par Werner lui-m\u00eame depuis le sommet du monde !<\/p>\n\n<p>\u00a0<\/p>\n","protected":false},"excerpt":{"rendered":"<p>Au d\u00e9but des ann\u00e9es 1990, alors qu&#8217;il avait la cinquantaine, Werner Berger a d\u00e9cid\u00e9 de faire quelque chose de compl\u00e8tement diff\u00e9rent de ce qu&#8217;il avait fait jusque-l\u00e0 dans sa vie : il voulait escalader une montagne. Et pas n&#8217;importe quelle montagne : le mont Everest, le plus haut du monde. Au d\u00e9but, raconte-t-il, sa famille s&#8217;est moqu\u00e9e de cette id\u00e9e. Mais deux ans plus tard, l&#8217;un de ses fils lui a propos\u00e9 de faire un trekking jusqu&#8217;au camp de base de l&#8217;Everest. Werner a accept\u00e9, a effectu\u00e9 l&#8217;excursion et la m\u00e8che a \u00e9t\u00e9 allum\u00e9e. Depuis cette \u00e9poque, il y a plus de 30 ans, Werner est non seulement retourn\u00e9 au sommet de l&#8217;Everest, mais il a \u00e9galement escalad\u00e9 les sept sommets, c&#8217;est-\u00e0-dire les plus hauts sommets des sept continents. Mais il n&#8217;en est pas rest\u00e9 l\u00e0 : il a \u00e9galement escalad\u00e9 la pyramide de Carstensz, en Nouvelle-Guin\u00e9e, la plus haute montagne du monde situ\u00e9e sur une \u00eele, r\u00e9alisant ainsi ce que l&#8217;on appelle les &#8220;Messner 7&#8221;. Ainsi, Werner a inscrit son nom dans le livre Guinness des records en tant que la personne la plus \u00e2g\u00e9e \u00e0 avoir escalad\u00e9 les sept sommets. En novembre 2013, \u00e0 l&#8217;\u00e2ge de 77 ans, [&hellip;]<\/p>\n","protected":false},"author":87,"featured_media":179014,"comment_status":"closed","ping_status":"closed","sticky":false,"template":"","format":"standard","meta":[],"categories":[1194],"tags":[],"yoast_head":"<!-- This site is optimized with the Yoast SEO plugin v18.3 - https:\/\/yoast.com\/wordpress\/plugins\/seo\/ -->\n<title>Journal | Partner.Co: Werner Berger, du Conseil des Athl\u00e8tes, se pr\u00e9pare \u00e0 faire un trek sur l&#039;Everest<\/title>\n<meta name=\"description\" content=\"Peu de gens peuvent se pr\u00e9tendre d\u00e9tenteur d&#039;un record du monde Guinness alors que Werner Berger, Repr\u00e9sentant, s&#039;appr\u00eate \u00e0 atteindre le camp de base de l&#039;Everest pour la sixi\u00e8me fois.\" \/>\n<meta name=\"robots\" content=\"index, follow, max-snippet:-1, max-image-preview:large, max-video-preview:-1\" \/>\n<link rel=\"canonical\" href=\"https:\/\/blog.partner.co\/fr-fr\/werner-berger-du-conseil-des-athletes-se-prepare-a-faire-un-trek-sur-leverest\/\" \/>\n<meta property=\"og:locale\" content=\"fr_FR\" \/>\n<meta property=\"og:type\" content=\"article\" \/>\n<meta property=\"og:title\" content=\"Journal | Partner.Co: Werner Berger, du Conseil des Athl\u00e8tes, se pr\u00e9pare \u00e0 faire un trek sur l&#039;Everest\" \/>\n<meta property=\"og:description\" content=\"Peu de gens peuvent se pr\u00e9tendre d\u00e9tenteur d&#039;un record du monde Guinness alors que Werner Berger, Repr\u00e9sentant, s&#039;appr\u00eate \u00e0 atteindre le camp de base de l&#039;Everest pour la sixi\u00e8me fois.\" \/>\n<meta property=\"og:url\" content=\"https:\/\/blog.partner.co\/fr-fr\/werner-berger-du-conseil-des-athletes-se-prepare-a-faire-un-trek-sur-leverest\/\" \/>\n<meta property=\"og:site_name\" content=\"Partner.Co\" \/>\n<meta property=\"article:published_time\" content=\"2024-04-24T14:11:03+00:00\" \/>\n<meta property=\"article:modified_time\" content=\"2024-04-24T14:22:42+00:00\" \/>\n<meta property=\"og:image\" content=\"https:\/\/blog.partner.co\/wp-content\/uploads\/2024\/04\/PTR_BLOG_HEADER_Werner-Berger-Mt-Everest_v2.jpg\" \/>\n\t<meta property=\"og:image:width\" content=\"1400\" \/>\n\t<meta property=\"og:image:height\" content=\"800\" \/>\n\t<meta property=\"og:image:type\" content=\"image\/jpeg\" \/>\n<meta name=\"twitter:card\" content=\"summary_large_image\" \/>\n<meta name=\"twitter:label1\" content=\"Written by\" \/>\n\t<meta name=\"twitter:data1\" content=\"Brian Zheng\" \/>\n\t<meta name=\"twitter:label2\" content=\"Est. reading time\" \/>\n\t<meta name=\"twitter:data2\" content=\"5 minutes\" \/>\n<script type=\"application\/ld+json\" class=\"yoast-schema-graph\">{\"@context\":\"https:\/\/schema.org\",\"@graph\":[{\"@type\":\"Organization\",\"@id\":\"https:\/\/blog.partner.co\/#organization\",\"name\":\"PartnerCo\",\"url\":\"https:\/\/blog.partner.co\/\",\"sameAs\":[],\"logo\":{\"@type\":\"ImageObject\",\"@id\":\"https:\/\/blog.partner.co\/#logo\",\"inLanguage\":\"fr-FRA\",\"url\":\"https:\/\/blog.partner.co\/wp-content\/uploads\/2024\/01\/ptr_logo-primary-green_200px.png\",\"contentUrl\":\"https:\/\/blog.partner.co\/wp-content\/uploads\/2024\/01\/ptr_logo-primary-green_200px.png\",\"width\":200,\"height\":33,\"caption\":\"PartnerCo\"},\"image\":{\"@id\":\"https:\/\/blog.partner.co\/#logo\"}},{\"@type\":\"WebSite\",\"@id\":\"https:\/\/blog.partner.co\/#website\",\"url\":\"https:\/\/blog.partner.co\/\",\"name\":\"Partner.Co\",\"description\":\"Journal\",\"publisher\":{\"@id\":\"https:\/\/blog.partner.co\/#organization\"},\"potentialAction\":[{\"@type\":\"SearchAction\",\"target\":{\"@type\":\"EntryPoint\",\"urlTemplate\":\"https:\/\/blog.partner.co\/?s={search_term_string}\"},\"query-input\":\"required name=search_term_string\"}],\"inLanguage\":\"fr-FRA\"},{\"@type\":\"ImageObject\",\"@id\":\"https:\/\/blog.partner.co\/fr-fr\/werner-berger-du-conseil-des-athletes-se-prepare-a-faire-un-trek-sur-leverest\/#primaryimage\",\"inLanguage\":\"fr-FRA\",\"url\":\"https:\/\/blog.partner.co\/wp-content\/uploads\/2024\/04\/PTR_BLOG_HEADER_Werner-Berger-Mt-Everest_v2.jpg\",\"contentUrl\":\"https:\/\/blog.partner.co\/wp-content\/uploads\/2024\/04\/PTR_BLOG_HEADER_Werner-Berger-Mt-Everest_v2.jpg\",\"width\":1400,\"height\":800},{\"@type\":\"WebPage\",\"@id\":\"https:\/\/blog.partner.co\/fr-fr\/werner-berger-du-conseil-des-athletes-se-prepare-a-faire-un-trek-sur-leverest\/#webpage\",\"url\":\"https:\/\/blog.partner.co\/fr-fr\/werner-berger-du-conseil-des-athletes-se-prepare-a-faire-un-trek-sur-leverest\/\",\"name\":\"Journal | Partner.Co: Werner Berger, du Conseil des Athl\u00e8tes, se pr\u00e9pare \u00e0 faire un trek sur l'Everest\",\"isPartOf\":{\"@id\":\"https:\/\/blog.partner.co\/#website\"},\"primaryImageOfPage\":{\"@id\":\"https:\/\/blog.partner.co\/fr-fr\/werner-berger-du-conseil-des-athletes-se-prepare-a-faire-un-trek-sur-leverest\/#primaryimage\"},\"datePublished\":\"2024-04-24T14:11:03+00:00\",\"dateModified\":\"2024-04-24T14:22:42+00:00\",\"description\":\"Peu de gens peuvent se pr\u00e9tendre d\u00e9tenteur d'un record du monde Guinness alors que Werner Berger, Repr\u00e9sentant, s'appr\u00eate \u00e0 atteindre le camp de base de l'Everest pour la sixi\u00e8me fois.\",\"breadcrumb\":{\"@id\":\"https:\/\/blog.partner.co\/fr-fr\/werner-berger-du-conseil-des-athletes-se-prepare-a-faire-un-trek-sur-leverest\/#breadcrumb\"},\"inLanguage\":\"fr-FRA\",\"potentialAction\":[{\"@type\":\"ReadAction\",\"target\":[\"https:\/\/blog.partner.co\/fr-fr\/werner-berger-du-conseil-des-athletes-se-prepare-a-faire-un-trek-sur-leverest\/\"]}]},{\"@type\":\"BreadcrumbList\",\"@id\":\"https:\/\/blog.partner.co\/fr-fr\/werner-berger-du-conseil-des-athletes-se-prepare-a-faire-un-trek-sur-leverest\/#breadcrumb\",\"itemListElement\":[{\"@type\":\"ListItem\",\"position\":1,\"name\":\"Home\",\"item\":\"https:\/\/blog.partner.co\/fr-fr\/\"},{\"@type\":\"ListItem\",\"position\":2,\"name\":\"Werner Berger, du Conseil des Athl\u00e8tes, se pr\u00e9pare \u00e0 faire un trek sur l&#8217;Everest\"}]},{\"@type\":\"Article\",\"@id\":\"https:\/\/blog.partner.co\/fr-fr\/werner-berger-du-conseil-des-athletes-se-prepare-a-faire-un-trek-sur-leverest\/#article\",\"isPartOf\":{\"@id\":\"https:\/\/blog.partner.co\/fr-fr\/werner-berger-du-conseil-des-athletes-se-prepare-a-faire-un-trek-sur-leverest\/#webpage\"},\"author\":{\"@id\":\"https:\/\/blog.partner.co\/#\/schema\/person\/d326940973505b0fc7fcdeb02a4b24a3\"},\"headline\":\"Werner Berger, du Conseil des Athl\u00e8tes, se pr\u00e9pare \u00e0 faire un trek sur l&#8217;Everest\",\"datePublished\":\"2024-04-24T14:11:03+00:00\",\"dateModified\":\"2024-04-24T14:22:42+00:00\",\"mainEntityOfPage\":{\"@id\":\"https:\/\/blog.partner.co\/fr-fr\/werner-berger-du-conseil-des-athletes-se-prepare-a-faire-un-trek-sur-leverest\/#webpage\"},\"wordCount\":1038,\"publisher\":{\"@id\":\"https:\/\/blog.partner.co\/#organization\"},\"image\":{\"@id\":\"https:\/\/blog.partner.co\/fr-fr\/werner-berger-du-conseil-des-athletes-se-prepare-a-faire-un-trek-sur-leverest\/#primaryimage\"},\"thumbnailUrl\":\"https:\/\/blog.partner.co\/wp-content\/uploads\/2024\/04\/PTR_BLOG_HEADER_Werner-Berger-Mt-Everest_v2.jpg\",\"articleSection\":[\"Business\"],\"inLanguage\":\"fr-FRA\"},{\"@type\":\"Person\",\"@id\":\"https:\/\/blog.partner.co\/#\/schema\/person\/d326940973505b0fc7fcdeb02a4b24a3\",\"name\":\"Brian Zheng\",\"image\":{\"@type\":\"ImageObject\",\"@id\":\"https:\/\/blog.partner.co\/#personlogo\",\"inLanguage\":\"fr-FRA\",\"url\":\"https:\/\/secure.gravatar.com\/avatar\/360b506a9ac350b52878d51fe8d92d81?s=96&d=mm&r=g\",\"contentUrl\":\"https:\/\/secure.gravatar.com\/avatar\/360b506a9ac350b52878d51fe8d92d81?s=96&d=mm&r=g\",\"caption\":\"Brian Zheng\"},\"url\":\"https:\/\/blog.partner.co\/fr-fr\/author\/brianz\/\"}]}<\/script>\n<!-- \/ Yoast SEO plugin. -->","yoast_head_json":{"title":"Journal | Partner.Co: Werner Berger, du Conseil des Athl\u00e8tes, se pr\u00e9pare \u00e0 faire un trek sur l'Everest","description":"Peu de gens peuvent se pr\u00e9tendre d\u00e9tenteur d'un record du monde Guinness alors que Werner Berger, Repr\u00e9sentant, s'appr\u00eate \u00e0 atteindre le camp de base de l'Everest pour la sixi\u00e8me fois.","robots":{"index":"index","follow":"follow","max-snippet":"max-snippet:-1","max-image-preview":"max-image-preview:large","max-video-preview":"max-video-preview:-1"},"canonical":"https:\/\/blog.partner.co\/fr-fr\/werner-berger-du-conseil-des-athletes-se-prepare-a-faire-un-trek-sur-leverest\/","og_locale":"fr_FR","og_type":"article","og_title":"Journal | Partner.Co: Werner Berger, du Conseil des Athl\u00e8tes, se pr\u00e9pare \u00e0 faire un trek sur l'Everest","og_description":"Peu de gens peuvent se pr\u00e9tendre d\u00e9tenteur d'un record du monde Guinness alors que Werner Berger, Repr\u00e9sentant, s'appr\u00eate \u00e0 atteindre le camp de base de l'Everest pour la sixi\u00e8me fois.","og_url":"https:\/\/blog.partner.co\/fr-fr\/werner-berger-du-conseil-des-athletes-se-prepare-a-faire-un-trek-sur-leverest\/","og_site_name":"Partner.Co","article_published_time":"2024-04-24T14:11:03+00:00","article_modified_time":"2024-04-24T14:22:42+00:00","og_image":[{"width":1400,"height":800,"url":"https:\/\/blog.partner.co\/wp-content\/uploads\/2024\/04\/PTR_BLOG_HEADER_Werner-Berger-Mt-Everest_v2.jpg","type":"image\/jpeg"}],"twitter_card":"summary_large_image","twitter_misc":{"Written by":"Brian Zheng","Est. reading time":"5 minutes"},"schema":{"@context":"https:\/\/schema.org","@graph":[{"@type":"Organization","@id":"https:\/\/blog.partner.co\/#organization","name":"PartnerCo","url":"https:\/\/blog.partner.co\/","sameAs":[],"logo":{"@type":"ImageObject","@id":"https:\/\/blog.partner.co\/#logo","inLanguage":"fr-FRA","url":"https:\/\/blog.partner.co\/wp-content\/uploads\/2024\/01\/ptr_logo-primary-green_200px.png","contentUrl":"https:\/\/blog.partner.co\/wp-content\/uploads\/2024\/01\/ptr_logo-primary-green_200px.png","width":200,"height":33,"caption":"PartnerCo"},"image":{"@id":"https:\/\/blog.partner.co\/#logo"}},{"@type":"WebSite","@id":"https:\/\/blog.partner.co\/#website","url":"https:\/\/blog.partner.co\/","name":"Partner.Co","description":"Journal","publisher":{"@id":"https:\/\/blog.partner.co\/#organization"},"potentialAction":[{"@type":"SearchAction","target":{"@type":"EntryPoint","urlTemplate":"https:\/\/blog.partner.co\/?s={search_term_string}"},"query-input":"required name=search_term_string"}],"inLanguage":"fr-FRA"},{"@type":"ImageObject","@id":"https:\/\/blog.partner.co\/fr-fr\/werner-berger-du-conseil-des-athletes-se-prepare-a-faire-un-trek-sur-leverest\/#primaryimage","inLanguage":"fr-FRA","url":"https:\/\/blog.partner.co\/wp-content\/uploads\/2024\/04\/PTR_BLOG_HEADER_Werner-Berger-Mt-Everest_v2.jpg","contentUrl":"https:\/\/blog.partner.co\/wp-content\/uploads\/2024\/04\/PTR_BLOG_HEADER_Werner-Berger-Mt-Everest_v2.jpg","width":1400,"height":800},{"@type":"WebPage","@id":"https:\/\/blog.partner.co\/fr-fr\/werner-berger-du-conseil-des-athletes-se-prepare-a-faire-un-trek-sur-leverest\/#webpage","url":"https:\/\/blog.partner.co\/fr-fr\/werner-berger-du-conseil-des-athletes-se-prepare-a-faire-un-trek-sur-leverest\/","name":"Journal | Partner.Co: Werner Berger, du Conseil des Athl\u00e8tes, se pr\u00e9pare \u00e0 faire un trek sur l'Everest","isPartOf":{"@id":"https:\/\/blog.partner.co\/#website"},"primaryImageOfPage":{"@id":"https:\/\/blog.partner.co\/fr-fr\/werner-berger-du-conseil-des-athletes-se-prepare-a-faire-un-trek-sur-leverest\/#primaryimage"},"datePublished":"2024-04-24T14:11:03+00:00","dateModified":"2024-04-24T14:22:42+00:00","description":"Peu de gens peuvent se pr\u00e9tendre d\u00e9tenteur d'un record du monde Guinness alors que Werner Berger, Repr\u00e9sentant, s'appr\u00eate \u00e0 atteindre le camp de base de l'Everest pour la sixi\u00e8me fois.","breadcrumb":{"@id":"https:\/\/blog.partner.co\/fr-fr\/werner-berger-du-conseil-des-athletes-se-prepare-a-faire-un-trek-sur-leverest\/#breadcrumb"},"inLanguage":"fr-FRA","potentialAction":[{"@type":"ReadAction","target":["https:\/\/blog.partner.co\/fr-fr\/werner-berger-du-conseil-des-athletes-se-prepare-a-faire-un-trek-sur-leverest\/"]}]},{"@type":"BreadcrumbList","@id":"https:\/\/blog.partner.co\/fr-fr\/werner-berger-du-conseil-des-athletes-se-prepare-a-faire-un-trek-sur-leverest\/#breadcrumb","itemListElement":[{"@type":"ListItem","position":1,"name":"Home","item":"https:\/\/blog.partner.co\/fr-fr\/"},{"@type":"ListItem","position":2,"name":"Werner Berger, du Conseil des Athl\u00e8tes, se pr\u00e9pare \u00e0 faire un trek sur l&#8217;Everest"}]},{"@type":"Article","@id":"https:\/\/blog.partner.co\/fr-fr\/werner-berger-du-conseil-des-athletes-se-prepare-a-faire-un-trek-sur-leverest\/#article","isPartOf":{"@id":"https:\/\/blog.partner.co\/fr-fr\/werner-berger-du-conseil-des-athletes-se-prepare-a-faire-un-trek-sur-leverest\/#webpage"},"author":{"@id":"https:\/\/blog.partner.co\/#\/schema\/person\/d326940973505b0fc7fcdeb02a4b24a3"},"headline":"Werner Berger, du Conseil des Athl\u00e8tes, se pr\u00e9pare \u00e0 faire un trek sur l&#8217;Everest","datePublished":"2024-04-24T14:11:03+00:00","dateModified":"2024-04-24T14:22:42+00:00","mainEntityOfPage":{"@id":"https:\/\/blog.partner.co\/fr-fr\/werner-berger-du-conseil-des-athletes-se-prepare-a-faire-un-trek-sur-leverest\/#webpage"},"wordCount":1038,"publisher":{"@id":"https:\/\/blog.partner.co\/#organization"},"image":{"@id":"https:\/\/blog.partner.co\/fr-fr\/werner-berger-du-conseil-des-athletes-se-prepare-a-faire-un-trek-sur-leverest\/#primaryimage"},"thumbnailUrl":"https:\/\/blog.partner.co\/wp-content\/uploads\/2024\/04\/PTR_BLOG_HEADER_Werner-Berger-Mt-Everest_v2.jpg","articleSection":["Business"],"inLanguage":"fr-FRA"},{"@type":"Person","@id":"https:\/\/blog.partner.co\/#\/schema\/person\/d326940973505b0fc7fcdeb02a4b24a3","name":"Brian Zheng","image":{"@type":"ImageObject","@id":"https:\/\/blog.partner.co\/#personlogo","inLanguage":"fr-FRA","url":"https:\/\/secure.gravatar.com\/avatar\/360b506a9ac350b52878d51fe8d92d81?s=96&d=mm&r=g","contentUrl":"https:\/\/secure.gravatar.com\/avatar\/360b506a9ac350b52878d51fe8d92d81?s=96&d=mm&r=g","caption":"Brian Zheng"},"url":"https:\/\/blog.partner.co\/fr-fr\/author\/brianz\/"}]}},"_links":{"self":[{"href":"https:\/\/blog.partner.co\/fr-fr\/wp-json\/wp\/v2\/posts\/179013"}],"collection":[{"href":"https:\/\/blog.partner.co\/fr-fr\/wp-json\/wp\/v2\/posts"}],"about":[{"href":"https:\/\/blog.partner.co\/fr-fr\/wp-json\/wp\/v2\/types\/post"}],"author":[{"embeddable":true,"href":"https:\/\/blog.partner.co\/fr-fr\/wp-json\/wp\/v2\/users\/87"}],"replies":[{"embeddable":true,"href":"https:\/\/blog.partner.co\/fr-fr\/wp-json\/wp\/v2\/comments?post=179013"}],"version-history":[{"count":3,"href":"https:\/\/blog.partner.co\/fr-fr\/wp-json\/wp\/v2\/posts\/179013\/revisions"}],"predecessor-version":[{"id":179024,"href":"https:\/\/blog.partner.co\/fr-fr\/wp-json\/wp\/v2\/posts\/179013\/revisions\/179024"}],"wp:featuredmedia":[{"embeddable":true,"href":"https:\/\/blog.partner.co\/fr-fr\/wp-json\/wp\/v2\/media\/179014"}],"wp:attachment":[{"href":"https:\/\/blog.partner.co\/fr-fr\/wp-json\/wp\/v2\/media?parent=179013"}],"wp:term":[{"taxonomy":"category","embeddable":true,"href":"https:\/\/blog.partner.co\/fr-fr\/wp-json\/wp\/v2\/categories?post=179013"},{"taxonomy":"post_tag","embeddable":true,"href":"https:\/\/blog.partner.co\/fr-fr\/wp-json\/wp\/v2\/tags?post=179013"}],"curies":[{"name":"wp","href":"https:\/\/api.w.org\/{rel}","templated":true}]}}