{"id":178039,"date":"2024-03-08T01:00:00","date_gmt":"2024-03-08T01:00:00","guid":{"rendered":"https:\/\/blog.partner.co\/?p=178039"},"modified":"2024-03-08T15:30:19","modified_gmt":"2024-03-08T15:30:19","slug":"celebrons-la-journee-internationale-des-droits-des-femmes-en-inspirant-linclusion","status":"publish","type":"post","link":"https:\/\/blog.partner.co\/fr-fr\/celebrons-la-journee-internationale-des-droits-des-femmes-en-inspirant-linclusion\/","title":{"rendered":"C\u00e9l\u00e9brons la Journ\u00e9e internationale des droits des femmes en inspirant l&#8217;inclusion"},"content":{"rendered":"\n<p>Tout est bon pour saluer et soutenir les femmes, mais certaines journ\u00e9es sont litt\u00e9ralement faites pour cela : la Journ\u00e9e internationale des droits des femmes !<\/p>\n\n<p>C\u00e9l\u00e9br\u00e9e chaque ann\u00e9e le 8 mars, la Journ\u00e9e internationale des droits des femmes comm\u00e9more les r\u00e9alisations sociales, \u00e9conomiques, culturelles et politiques des femmes dans le monde. Cette journ\u00e9e ne se contente pas de reconna\u00eetre les contributions remarquables des femmes, elle sert aussi \u00e0 rappeler qu&#8217;il faut renforcer la sensibilisation \u00e0 la lutte permanente pour l&#8217;\u00e9galit\u00e9 entre les hommes et les femmes.<\/p>\n\n<h1 class=\"has-text-align-center\"><strong>Un engagement en faveur de l&#8217;inclusion<\/strong><\/h1>\n\n<p>Le th\u00e8me de cette ann\u00e9e est &#8220;Inspirer l&#8217;inclusion&#8221;, un concept plus qu&#8217;important chez Partner.Co, car nous nous \u00e9panouissons gr\u00e2ce \u00e0 la diversit\u00e9 et appr\u00e9cions les contributions de chacun \u00e0 travers le monde. En fait, ce concept fa\u00e7onne la culture de notre entreprise, car nous croyons qu&#8217;il faut donner une chance \u00e9gale aux personnes, quel que soit leur sexe, de r\u00e9aliser leurs r\u00eaves.<\/p>\n\n<p>Dans nos efforts pour inspirer l&#8217;inclusion, nous reconnaissons que chacun au sein de notre organisation a un r\u00f4le \u00e0 jouer. Une v\u00e9ritable inclusion implique de s&#8217;ouvrir \u00e0 la diversit\u00e9 des femmes dans le monde. Partner.Co contribue activement \u00e0 inspirer l&#8217;inclusion de diverses mani\u00e8res, notamment en :<\/p>\n\n<ul class=\"has-text-color\" style=\"color:#7c848d;font-size:16px\"><li>Renfor\u00e7ant l&#8217;autonomie \u00e9conomique des femmes<\/li><li>Soutenant les femmes dans le leadership, la prise de d\u00e9cision et le business<\/li><li>Concevant des produits et des outils qui r\u00e9pondent aux besoins des femmes<\/li><li>Aidant les femmes \u00e0 prendre des d\u00e9cisions inform\u00e9es sur leur sant\u00e9<\/li><li>Permettant aux femmes d&#8217;acc\u00e9der \u00e0 une formation de qualit\u00e9<\/li><li>Recrutant et d\u00e9veloppant les talents f\u00e9minins<\/li><\/ul>\n<h1 class=\"has-text-align-center\"><strong>Promouvons la voix des femmes<\/strong><\/h1>\n\n<p>Partner.Co est plus qu&#8217;un simple lieu de travail : c&#8217;est une communaut\u00e9 qui fait entendre la voix de ses Repr\u00e9sentantes et de ses employ\u00e9es. Cet engagement \u00e0 cr\u00e9er un environnement inclusif est renforc\u00e9 par les paroles de femmes c\u00e9l\u00e8bres qui ont ouvert la voie pour les g\u00e9n\u00e9rations \u00e0 venir. Voici quelques citations de femmes de notre \u00e9quipe corporate qui ont inspir\u00e9 et continuent d&#8217;inspirer l&#8217;inclusion :<\/p>\n\n<blockquote class=\"wp-block-quote\"><p>&#8220;Je crois que chez Partner.Co, la diversit\u00e9 n&#8217;est pas seulement un objectif, c&#8217;est notre force. Je suis fi\u00e8re de travailler pour une entreprise qui favorise activement un environnement d&#8217;inclusion, permettant \u00e0 nos Repr\u00e9sentantes et \u00e0 nos employ\u00e9s de red\u00e9finir le succ\u00e8s et d&#8217;\u00eatre meilleurs ensemble.&#8221;<\/p><cite>Katy Holt-Larsen, Chief Impact Officer<\/cite><\/blockquote>\n\n<blockquote class=\"wp-block-quote\"><p>&#8220;Les femmes sont des leaders r\u00e9silients, loyaux et naturels. Quand on m\u00e9lange l&#8217;intelligence, la cr\u00e9ativit\u00e9, la compassion et l&#8217;empathie, on ne peut pas nous arr\u00eater.&#8221;<\/p><cite>Lucy West, Vice-President of Field Development<\/cite><\/blockquote>\n\n<blockquote class=\"wp-block-quote\"><p>&#8220;J&#8217;ai la chance d&#8217;\u00eatre dans un secteur (et dans une entreprise formidable) qui soutient activement les femmes dans le leadership, la prise de d\u00e9cision et le business, en reconnaissant leur r\u00f4le essentiel dans la construction d&#8217;un avenir meilleur. C&#8217;est fantastique de savoir que ce secteur offre \u00e0 chacun les m\u00eames opportunit\u00e9s, ind\u00e9pendamment de l&#8217;\u00e2ge, du sexe ou de l&#8217;origine ethnique.&#8221;<\/p><cite>Vivian Chung-Patterson, Vice-President of Global Marketing<\/cite><\/blockquote>\n\n<blockquote class=\"wp-block-quote\"><p>&#8220;Une femme avis\u00e9e peut pr\u00e9dire l&#8217;avenir parce qu&#8217;elle le cr\u00e9e.&#8221;<\/p><cite>Kim Fowler, General Manager, Australie et Nouvelle-Z\u00e9lande<\/cite><\/blockquote>\n\n<blockquote class=\"wp-block-quote\"><p>&#8220;Les femmes avis\u00e9es donnent du pouvoir aux femmes : la force, la r\u00e9silience et la gr\u00e2ce personnifient la force qui fa\u00e7onne un monde meilleur pour tous.&#8221;<\/p><cite>Martine Girotto, General Manager, Canada<\/cite><\/blockquote>\n\n<blockquote class=\"wp-block-quote\"><p>&#8220;Il n&#8217;est pas n\u00e9cessaire d&#8217;\u00eatre g\u00e9nial pour commencer, il faut d&#8217;abord commencer pour devenir g\u00e9nial.&#8221;<\/p><cite>Fion Tang, Executive Director of Business Development and Marketing, Grande Chine<\/cite><\/blockquote>\n\n<blockquote class=\"wp-block-quote\"><p>&#8220;En tant que femmes, il est tr\u00e8s important que nous nous soutenions et nous \u00e9levions les unes les autres. L&#8217;autonomisation n&#8217;est pas seulement une action isol\u00e9e, elle d\u00e9clenche un effet d&#8217;entra\u00eenement, d&#8217;encouragement et d&#8217;inspiration pour les g\u00e9n\u00e9rations futures.&#8221;<\/p><cite>Kristine McKay, General Manager, Etats-Unis<\/cite><\/blockquote>\n\n<h1 class=\"has-text-align-center\"><strong>C\u00e9l\u00e9brons les r\u00e9alisations<\/strong><\/h1>\n\n<p>La reconnaissance est un \u00e9l\u00e9ment important de l&#8217;activit\u00e9 de Partner.Co ! Elle nous donne l&#8217;occasion de mettre en avant les r\u00e9alisations de notre secteur, et c&#8217;est l&#8217;une des fa\u00e7ons dont nous soutenons activement la croissance professionnelle de nos Repr\u00e9sentantes et de nos employ\u00e9es. En valorisant les personnes, nous faisons tomber les barri\u00e8res li\u00e9es au genre et cr\u00e9ons une entreprise o\u00f9 le talent ne conna\u00eet pas de fronti\u00e8res.<\/p>\n\n<p>Ces moments de reconnaissance t\u00e9moignent de la force, de la r\u00e9silience et du r\u00f4le indispensable des femmes dans le marketing de r\u00e9seau. En mettant en avant leurs contributions, nous visons \u00e0 favoriser une plus grande appr\u00e9ciation et un plus grand respect des femmes dans la soci\u00e9t\u00e9 et dans le monde des affaires, en donnant aux individus les moyens d&#8217;agir gr\u00e2ce \u00e0 une repr\u00e9sentation significative.<\/p>\n\n<h1 class=\"has-text-align-center\"><strong>C\u00e9l\u00e9brons la Journ\u00e9e internationale des droits des femmes<\/strong><\/h1>\n\n<p>Rejoignez la conversation sur l&#8217;inspiration de l&#8217;inclusion en utilisant les hashtags <strong>#InspireInclusion <\/strong>et<strong> #PartnerCoIWD<\/strong>.<\/p>\n\n<p>Vous voulez en savoir plus ? Visitez le site officiel de la Journ\u00e9e internationale des droits des femmes : https:\/\/www.internationalwomensday.com\/.<\/p>\n","protected":false},"excerpt":{"rendered":"<p>Tout est bon pour saluer et soutenir les femmes, mais certaines journ\u00e9es sont litt\u00e9ralement faites pour cela : la Journ\u00e9e internationale des droits des femmes ! C\u00e9l\u00e9br\u00e9e chaque ann\u00e9e le 8 mars, la Journ\u00e9e internationale des droits des femmes comm\u00e9more les r\u00e9alisations sociales, \u00e9conomiques, culturelles et politiques des femmes dans le monde. Cette journ\u00e9e ne se contente pas de reconna\u00eetre les contributions remarquables des femmes, elle sert aussi \u00e0 rappeler qu&#8217;il faut renforcer la sensibilisation \u00e0 la lutte permanente pour l&#8217;\u00e9galit\u00e9 entre les hommes et les femmes. Un engagement en faveur de l&#8217;inclusion Le th\u00e8me de cette ann\u00e9e est &#8220;Inspirer l&#8217;inclusion&#8221;, un concept plus qu&#8217;important chez Partner.Co, car nous nous \u00e9panouissons gr\u00e2ce \u00e0 la diversit\u00e9 et appr\u00e9cions les contributions de chacun \u00e0 travers le monde. En fait, ce concept fa\u00e7onne la culture de notre entreprise, car nous croyons qu&#8217;il faut donner une chance \u00e9gale aux personnes, quel que soit leur sexe, de r\u00e9aliser leurs r\u00eaves. Dans nos efforts pour inspirer l&#8217;inclusion, nous reconnaissons que chacun au sein de notre organisation a un r\u00f4le \u00e0 jouer. Une v\u00e9ritable inclusion implique de s&#8217;ouvrir \u00e0 la diversit\u00e9 des femmes dans le monde. Partner.Co contribue activement \u00e0 inspirer l&#8217;inclusion de diverses mani\u00e8res, notamment en [&hellip;]<\/p>\n","protected":false},"author":87,"featured_media":178046,"comment_status":"closed","ping_status":"closed","sticky":false,"template":"","format":"standard","meta":[],"categories":[1194],"tags":[],"yoast_head":"<!-- This site is optimized with the Yoast SEO plugin v18.3 - https:\/\/yoast.com\/wordpress\/plugins\/seo\/ -->\n<title>Journal | Partner.Co: C\u00e9l\u00e9brons la Journ\u00e9e internationale des droits des femmes en inspirant l&#039;inclusion<\/title>\n<meta name=\"description\" content=\"C\u00e9l\u00e9brons la Journ\u00e9e internationale des droits des femmes 2024 avec Partner.Co pour inspirer l&#039;inclusion.\" \/>\n<meta name=\"robots\" content=\"index, follow, max-snippet:-1, max-image-preview:large, max-video-preview:-1\" \/>\n<link rel=\"canonical\" href=\"https:\/\/blog.partner.co\/fr-fr\/celebrons-la-journee-internationale-des-droits-des-femmes-en-inspirant-linclusion\/\" \/>\n<meta property=\"og:locale\" content=\"fr_FR\" \/>\n<meta property=\"og:type\" content=\"article\" \/>\n<meta property=\"og:title\" content=\"Journal | Partner.Co: C\u00e9l\u00e9brons la Journ\u00e9e internationale des droits des femmes en inspirant l&#039;inclusion\" \/>\n<meta property=\"og:description\" content=\"C\u00e9l\u00e9brons la Journ\u00e9e internationale des droits des femmes 2024 avec Partner.Co pour inspirer l&#039;inclusion.\" \/>\n<meta property=\"og:url\" content=\"https:\/\/blog.partner.co\/fr-fr\/celebrons-la-journee-internationale-des-droits-des-femmes-en-inspirant-linclusion\/\" \/>\n<meta property=\"og:site_name\" content=\"Partner.Co\" \/>\n<meta property=\"article:published_time\" content=\"2024-03-08T01:00:00+00:00\" \/>\n<meta property=\"article:modified_time\" content=\"2024-03-08T15:30:19+00:00\" \/>\n<meta property=\"og:image\" content=\"https:\/\/blog.partner.co\/wp-content\/uploads\/2024\/03\/PTR_BLOG_HEADER_International-Womens-Day_03-2024_EU-FRA_v01.jpg\" \/>\n\t<meta property=\"og:image:width\" content=\"1400\" \/>\n\t<meta property=\"og:image:height\" content=\"800\" \/>\n\t<meta property=\"og:image:type\" content=\"image\/jpeg\" \/>\n<meta name=\"twitter:card\" content=\"summary_large_image\" \/>\n<meta name=\"twitter:label1\" content=\"Written by\" \/>\n\t<meta name=\"twitter:data1\" content=\"Brian Zheng\" \/>\n\t<meta name=\"twitter:label2\" content=\"Est. reading time\" \/>\n\t<meta name=\"twitter:data2\" content=\"4 minutes\" \/>\n<script type=\"application\/ld+json\" class=\"yoast-schema-graph\">{\"@context\":\"https:\/\/schema.org\",\"@graph\":[{\"@type\":\"Organization\",\"@id\":\"https:\/\/blog.partner.co\/#organization\",\"name\":\"PartnerCo\",\"url\":\"https:\/\/blog.partner.co\/\",\"sameAs\":[],\"logo\":{\"@type\":\"ImageObject\",\"@id\":\"https:\/\/blog.partner.co\/#logo\",\"inLanguage\":\"fr-FRA\",\"url\":\"https:\/\/blog.partner.co\/wp-content\/uploads\/2024\/01\/ptr_logo-primary-green_200px.png\",\"contentUrl\":\"https:\/\/blog.partner.co\/wp-content\/uploads\/2024\/01\/ptr_logo-primary-green_200px.png\",\"width\":200,\"height\":33,\"caption\":\"PartnerCo\"},\"image\":{\"@id\":\"https:\/\/blog.partner.co\/#logo\"}},{\"@type\":\"WebSite\",\"@id\":\"https:\/\/blog.partner.co\/#website\",\"url\":\"https:\/\/blog.partner.co\/\",\"name\":\"Partner.Co\",\"description\":\"Journal\",\"publisher\":{\"@id\":\"https:\/\/blog.partner.co\/#organization\"},\"potentialAction\":[{\"@type\":\"SearchAction\",\"target\":{\"@type\":\"EntryPoint\",\"urlTemplate\":\"https:\/\/blog.partner.co\/?s={search_term_string}\"},\"query-input\":\"required name=search_term_string\"}],\"inLanguage\":\"fr-FRA\"},{\"@type\":\"ImageObject\",\"@id\":\"https:\/\/blog.partner.co\/fr-fr\/celebrons-la-journee-internationale-des-droits-des-femmes-en-inspirant-linclusion\/#primaryimage\",\"inLanguage\":\"fr-FRA\",\"url\":\"https:\/\/blog.partner.co\/wp-content\/uploads\/2024\/03\/PTR_BLOG_HEADER_International-Womens-Day_03-2024_EU-FRA_v01.jpg\",\"contentUrl\":\"https:\/\/blog.partner.co\/wp-content\/uploads\/2024\/03\/PTR_BLOG_HEADER_International-Womens-Day_03-2024_EU-FRA_v01.jpg\",\"width\":1400,\"height\":800},{\"@type\":\"WebPage\",\"@id\":\"https:\/\/blog.partner.co\/fr-fr\/celebrons-la-journee-internationale-des-droits-des-femmes-en-inspirant-linclusion\/#webpage\",\"url\":\"https:\/\/blog.partner.co\/fr-fr\/celebrons-la-journee-internationale-des-droits-des-femmes-en-inspirant-linclusion\/\",\"name\":\"Journal | Partner.Co: C\u00e9l\u00e9brons la Journ\u00e9e internationale des droits des femmes en inspirant l'inclusion\",\"isPartOf\":{\"@id\":\"https:\/\/blog.partner.co\/#website\"},\"primaryImageOfPage\":{\"@id\":\"https:\/\/blog.partner.co\/fr-fr\/celebrons-la-journee-internationale-des-droits-des-femmes-en-inspirant-linclusion\/#primaryimage\"},\"datePublished\":\"2024-03-08T01:00:00+00:00\",\"dateModified\":\"2024-03-08T15:30:19+00:00\",\"description\":\"C\u00e9l\u00e9brons la Journ\u00e9e internationale des droits des femmes 2024 avec Partner.Co pour inspirer l'inclusion.\",\"breadcrumb\":{\"@id\":\"https:\/\/blog.partner.co\/fr-fr\/celebrons-la-journee-internationale-des-droits-des-femmes-en-inspirant-linclusion\/#breadcrumb\"},\"inLanguage\":\"fr-FRA\",\"potentialAction\":[{\"@type\":\"ReadAction\",\"target\":[\"https:\/\/blog.partner.co\/fr-fr\/celebrons-la-journee-internationale-des-droits-des-femmes-en-inspirant-linclusion\/\"]}]},{\"@type\":\"BreadcrumbList\",\"@id\":\"https:\/\/blog.partner.co\/fr-fr\/celebrons-la-journee-internationale-des-droits-des-femmes-en-inspirant-linclusion\/#breadcrumb\",\"itemListElement\":[{\"@type\":\"ListItem\",\"position\":1,\"name\":\"Home\",\"item\":\"https:\/\/blog.partner.co\/fr-fr\/\"},{\"@type\":\"ListItem\",\"position\":2,\"name\":\"C\u00e9l\u00e9brons la Journ\u00e9e internationale des droits des femmes en inspirant l&#8217;inclusion\"}]},{\"@type\":\"Article\",\"@id\":\"https:\/\/blog.partner.co\/fr-fr\/celebrons-la-journee-internationale-des-droits-des-femmes-en-inspirant-linclusion\/#article\",\"isPartOf\":{\"@id\":\"https:\/\/blog.partner.co\/fr-fr\/celebrons-la-journee-internationale-des-droits-des-femmes-en-inspirant-linclusion\/#webpage\"},\"author\":{\"@id\":\"https:\/\/blog.partner.co\/#\/schema\/person\/d326940973505b0fc7fcdeb02a4b24a3\"},\"headline\":\"C\u00e9l\u00e9brons la Journ\u00e9e internationale des droits des femmes en inspirant l&#8217;inclusion\",\"datePublished\":\"2024-03-08T01:00:00+00:00\",\"dateModified\":\"2024-03-08T15:30:19+00:00\",\"mainEntityOfPage\":{\"@id\":\"https:\/\/blog.partner.co\/fr-fr\/celebrons-la-journee-internationale-des-droits-des-femmes-en-inspirant-linclusion\/#webpage\"},\"wordCount\":859,\"publisher\":{\"@id\":\"https:\/\/blog.partner.co\/#organization\"},\"image\":{\"@id\":\"https:\/\/blog.partner.co\/fr-fr\/celebrons-la-journee-internationale-des-droits-des-femmes-en-inspirant-linclusion\/#primaryimage\"},\"thumbnailUrl\":\"https:\/\/blog.partner.co\/wp-content\/uploads\/2024\/03\/PTR_BLOG_HEADER_International-Womens-Day_03-2024_EU-FRA_v01.jpg\",\"articleSection\":[\"Business\"],\"inLanguage\":\"fr-FRA\"},{\"@type\":\"Person\",\"@id\":\"https:\/\/blog.partner.co\/#\/schema\/person\/d326940973505b0fc7fcdeb02a4b24a3\",\"name\":\"Brian Zheng\",\"image\":{\"@type\":\"ImageObject\",\"@id\":\"https:\/\/blog.partner.co\/#personlogo\",\"inLanguage\":\"fr-FRA\",\"url\":\"https:\/\/secure.gravatar.com\/avatar\/360b506a9ac350b52878d51fe8d92d81?s=96&d=mm&r=g\",\"contentUrl\":\"https:\/\/secure.gravatar.com\/avatar\/360b506a9ac350b52878d51fe8d92d81?s=96&d=mm&r=g\",\"caption\":\"Brian Zheng\"},\"url\":\"https:\/\/blog.partner.co\/fr-fr\/author\/brianz\/\"}]}<\/script>\n<!-- \/ Yoast SEO plugin. -->","yoast_head_json":{"title":"Journal | Partner.Co: C\u00e9l\u00e9brons la Journ\u00e9e internationale des droits des femmes en inspirant l'inclusion","description":"C\u00e9l\u00e9brons la Journ\u00e9e internationale des droits des femmes 2024 avec Partner.Co pour inspirer l'inclusion.","robots":{"index":"index","follow":"follow","max-snippet":"max-snippet:-1","max-image-preview":"max-image-preview:large","max-video-preview":"max-video-preview:-1"},"canonical":"https:\/\/blog.partner.co\/fr-fr\/celebrons-la-journee-internationale-des-droits-des-femmes-en-inspirant-linclusion\/","og_locale":"fr_FR","og_type":"article","og_title":"Journal | Partner.Co: C\u00e9l\u00e9brons la Journ\u00e9e internationale des droits des femmes en inspirant l'inclusion","og_description":"C\u00e9l\u00e9brons la Journ\u00e9e internationale des droits des femmes 2024 avec Partner.Co pour inspirer l'inclusion.","og_url":"https:\/\/blog.partner.co\/fr-fr\/celebrons-la-journee-internationale-des-droits-des-femmes-en-inspirant-linclusion\/","og_site_name":"Partner.Co","article_published_time":"2024-03-08T01:00:00+00:00","article_modified_time":"2024-03-08T15:30:19+00:00","og_image":[{"width":1400,"height":800,"url":"https:\/\/blog.partner.co\/wp-content\/uploads\/2024\/03\/PTR_BLOG_HEADER_International-Womens-Day_03-2024_EU-FRA_v01.jpg","type":"image\/jpeg"}],"twitter_card":"summary_large_image","twitter_misc":{"Written by":"Brian Zheng","Est. reading time":"4 minutes"},"schema":{"@context":"https:\/\/schema.org","@graph":[{"@type":"Organization","@id":"https:\/\/blog.partner.co\/#organization","name":"PartnerCo","url":"https:\/\/blog.partner.co\/","sameAs":[],"logo":{"@type":"ImageObject","@id":"https:\/\/blog.partner.co\/#logo","inLanguage":"fr-FRA","url":"https:\/\/blog.partner.co\/wp-content\/uploads\/2024\/01\/ptr_logo-primary-green_200px.png","contentUrl":"https:\/\/blog.partner.co\/wp-content\/uploads\/2024\/01\/ptr_logo-primary-green_200px.png","width":200,"height":33,"caption":"PartnerCo"},"image":{"@id":"https:\/\/blog.partner.co\/#logo"}},{"@type":"WebSite","@id":"https:\/\/blog.partner.co\/#website","url":"https:\/\/blog.partner.co\/","name":"Partner.Co","description":"Journal","publisher":{"@id":"https:\/\/blog.partner.co\/#organization"},"potentialAction":[{"@type":"SearchAction","target":{"@type":"EntryPoint","urlTemplate":"https:\/\/blog.partner.co\/?s={search_term_string}"},"query-input":"required name=search_term_string"}],"inLanguage":"fr-FRA"},{"@type":"ImageObject","@id":"https:\/\/blog.partner.co\/fr-fr\/celebrons-la-journee-internationale-des-droits-des-femmes-en-inspirant-linclusion\/#primaryimage","inLanguage":"fr-FRA","url":"https:\/\/blog.partner.co\/wp-content\/uploads\/2024\/03\/PTR_BLOG_HEADER_International-Womens-Day_03-2024_EU-FRA_v01.jpg","contentUrl":"https:\/\/blog.partner.co\/wp-content\/uploads\/2024\/03\/PTR_BLOG_HEADER_International-Womens-Day_03-2024_EU-FRA_v01.jpg","width":1400,"height":800},{"@type":"WebPage","@id":"https:\/\/blog.partner.co\/fr-fr\/celebrons-la-journee-internationale-des-droits-des-femmes-en-inspirant-linclusion\/#webpage","url":"https:\/\/blog.partner.co\/fr-fr\/celebrons-la-journee-internationale-des-droits-des-femmes-en-inspirant-linclusion\/","name":"Journal | Partner.Co: C\u00e9l\u00e9brons la Journ\u00e9e internationale des droits des femmes en inspirant l'inclusion","isPartOf":{"@id":"https:\/\/blog.partner.co\/#website"},"primaryImageOfPage":{"@id":"https:\/\/blog.partner.co\/fr-fr\/celebrons-la-journee-internationale-des-droits-des-femmes-en-inspirant-linclusion\/#primaryimage"},"datePublished":"2024-03-08T01:00:00+00:00","dateModified":"2024-03-08T15:30:19+00:00","description":"C\u00e9l\u00e9brons la Journ\u00e9e internationale des droits des femmes 2024 avec Partner.Co pour inspirer l'inclusion.","breadcrumb":{"@id":"https:\/\/blog.partner.co\/fr-fr\/celebrons-la-journee-internationale-des-droits-des-femmes-en-inspirant-linclusion\/#breadcrumb"},"inLanguage":"fr-FRA","potentialAction":[{"@type":"ReadAction","target":["https:\/\/blog.partner.co\/fr-fr\/celebrons-la-journee-internationale-des-droits-des-femmes-en-inspirant-linclusion\/"]}]},{"@type":"BreadcrumbList","@id":"https:\/\/blog.partner.co\/fr-fr\/celebrons-la-journee-internationale-des-droits-des-femmes-en-inspirant-linclusion\/#breadcrumb","itemListElement":[{"@type":"ListItem","position":1,"name":"Home","item":"https:\/\/blog.partner.co\/fr-fr\/"},{"@type":"ListItem","position":2,"name":"C\u00e9l\u00e9brons la Journ\u00e9e internationale des droits des femmes en inspirant l&#8217;inclusion"}]},{"@type":"Article","@id":"https:\/\/blog.partner.co\/fr-fr\/celebrons-la-journee-internationale-des-droits-des-femmes-en-inspirant-linclusion\/#article","isPartOf":{"@id":"https:\/\/blog.partner.co\/fr-fr\/celebrons-la-journee-internationale-des-droits-des-femmes-en-inspirant-linclusion\/#webpage"},"author":{"@id":"https:\/\/blog.partner.co\/#\/schema\/person\/d326940973505b0fc7fcdeb02a4b24a3"},"headline":"C\u00e9l\u00e9brons la Journ\u00e9e internationale des droits des femmes en inspirant l&#8217;inclusion","datePublished":"2024-03-08T01:00:00+00:00","dateModified":"2024-03-08T15:30:19+00:00","mainEntityOfPage":{"@id":"https:\/\/blog.partner.co\/fr-fr\/celebrons-la-journee-internationale-des-droits-des-femmes-en-inspirant-linclusion\/#webpage"},"wordCount":859,"publisher":{"@id":"https:\/\/blog.partner.co\/#organization"},"image":{"@id":"https:\/\/blog.partner.co\/fr-fr\/celebrons-la-journee-internationale-des-droits-des-femmes-en-inspirant-linclusion\/#primaryimage"},"thumbnailUrl":"https:\/\/blog.partner.co\/wp-content\/uploads\/2024\/03\/PTR_BLOG_HEADER_International-Womens-Day_03-2024_EU-FRA_v01.jpg","articleSection":["Business"],"inLanguage":"fr-FRA"},{"@type":"Person","@id":"https:\/\/blog.partner.co\/#\/schema\/person\/d326940973505b0fc7fcdeb02a4b24a3","name":"Brian Zheng","image":{"@type":"ImageObject","@id":"https:\/\/blog.partner.co\/#personlogo","inLanguage":"fr-FRA","url":"https:\/\/secure.gravatar.com\/avatar\/360b506a9ac350b52878d51fe8d92d81?s=96&d=mm&r=g","contentUrl":"https:\/\/secure.gravatar.com\/avatar\/360b506a9ac350b52878d51fe8d92d81?s=96&d=mm&r=g","caption":"Brian Zheng"},"url":"https:\/\/blog.partner.co\/fr-fr\/author\/brianz\/"}]}},"_links":{"self":[{"href":"https:\/\/blog.partner.co\/fr-fr\/wp-json\/wp\/v2\/posts\/178039"}],"collection":[{"href":"https:\/\/blog.partner.co\/fr-fr\/wp-json\/wp\/v2\/posts"}],"about":[{"href":"https:\/\/blog.partner.co\/fr-fr\/wp-json\/wp\/v2\/types\/post"}],"author":[{"embeddable":true,"href":"https:\/\/blog.partner.co\/fr-fr\/wp-json\/wp\/v2\/users\/87"}],"replies":[{"embeddable":true,"href":"https:\/\/blog.partner.co\/fr-fr\/wp-json\/wp\/v2\/comments?post=178039"}],"version-history":[{"count":5,"href":"https:\/\/blog.partner.co\/fr-fr\/wp-json\/wp\/v2\/posts\/178039\/revisions"}],"predecessor-version":[{"id":178047,"href":"https:\/\/blog.partner.co\/fr-fr\/wp-json\/wp\/v2\/posts\/178039\/revisions\/178047"}],"wp:featuredmedia":[{"embeddable":true,"href":"https:\/\/blog.partner.co\/fr-fr\/wp-json\/wp\/v2\/media\/178046"}],"wp:attachment":[{"href":"https:\/\/blog.partner.co\/fr-fr\/wp-json\/wp\/v2\/media?parent=178039"}],"wp:term":[{"taxonomy":"category","embeddable":true,"href":"https:\/\/blog.partner.co\/fr-fr\/wp-json\/wp\/v2\/categories?post=178039"},{"taxonomy":"post_tag","embeddable":true,"href":"https:\/\/blog.partner.co\/fr-fr\/wp-json\/wp\/v2\/tags?post=178039"}],"curies":[{"name":"wp","href":"https:\/\/api.w.org\/{rel}","templated":true}]}}