{"id":66781,"date":"2023-04-21T10:00:00","date_gmt":"2023-04-21T10:00:00","guid":{"rendered":"https:\/\/blog.partner.co\/el-poder-de-la-vision-en-la-creacion-del-exito\/"},"modified":"2023-04-22T01:08:46","modified_gmt":"2023-04-22T01:08:46","slug":"el-poder-de-la-vision-en-la-creacion-del-exito","status":"publish","type":"post","link":"https:\/\/blog.partner.co\/es-mx\/el-poder-de-la-vision-en-la-creacion-del-exito\/","title":{"rendered":"El poder de la visi\u00f3n en la creaci\u00f3n del \u00e9xito"},"content":{"rendered":"\n<p>Josefina \u201cChepis\u201d Castro y Gustavo Ament son una din\u00e1mica pareja que nos enorgullece reconocer con el <strong>Premio Visi\u00f3n Am\u00e9rica Latina 2023.<\/strong>&nbsp; Como miembros del Consejo de Socios y destacados l\u00edderes en su campo, Josefina y Gustavo son fuente de inspiraci\u00f3n para que otros persigan su propia visi\u00f3n del \u00e9xito.<\/p>\n\n\n\n<p><strong>RECONOCEMOS A GUSTAVO Y JOSEFINA COMO VISIONARIOS<\/strong><\/p>\n\n\n\n<p>El prestigiado Premio Visi\u00f3n celebra a aquellos Socios de Marca de cada regi\u00f3n que no solo han demostrado tener altas miras, sino que tambi\u00e9n han motivado a otros a seguir su ejemplo.  El inquebrantable compromiso de Josefina y Gustavo con su propia visi\u00f3n es lo que los ha llevado a este momento, y no podr\u00edamos sentirnos m\u00e1s emocionados de darles nuestro reconocimiento por sus notables logros. <\/p>\n\n\n\n<p>Su inspiradora trayectoria para convertirse en L\u00edderes Destacados comenz\u00f3 con el simple deseo de complementar los tratamientos de quimioterapia de Gustavo.  Su pasi\u00f3n por los suplementos para la salud y la determinaci\u00f3n de ayudar a Gustavo fue lo que llev\u00f3 a esta pareja a descubrir el incre\u00edble potencial que representa la construcci\u00f3n de un negocio de mercadeo en red. <\/p>\n\n\n\n<p>Lo que hace que Josefina y Gustavo destaquen entre el resto es su firme convicci\u00f3n, su compromiso por generar un impacto positivo en la salud y las finanzas de las personas, as\u00ed como en su crecimiento personal.  Su historia de \u00e9xito es prueba del poder de la convicci\u00f3n, del trabajo arduo y la dedicaci\u00f3n, pues a pesar de las adversidades, se han mantenido firmes y enfocados en sus objetivos.  <\/p>\n\n\n\n<figure class=\"wp-block-image size-large\"><img loading=\"lazy\" width=\"1024\" height=\"683\" src=\"https:\/\/blog.partner.co\/wp-content\/uploads\/2023\/04\/SC-PARTNER-D1_647-1024x683.jpg\" alt=\"\" class=\"wp-image-66784\" srcset=\"https:\/\/blog.partner.co\/wp-content\/uploads\/2023\/04\/SC-PARTNER-D1_647-1024x683.jpg 1024w, https:\/\/blog.partner.co\/wp-content\/uploads\/2023\/04\/SC-PARTNER-D1_647-300x200.jpg 300w, https:\/\/blog.partner.co\/wp-content\/uploads\/2023\/04\/SC-PARTNER-D1_647-768x512.jpg 768w, https:\/\/blog.partner.co\/wp-content\/uploads\/2023\/04\/SC-PARTNER-D1_647-1536x1024.jpg 1536w, https:\/\/blog.partner.co\/wp-content\/uploads\/2023\/04\/SC-PARTNER-D1_647-2048x1365.jpg 2048w, https:\/\/blog.partner.co\/wp-content\/uploads\/2023\/04\/SC-PARTNER-D1_647-1080x720.jpg 1080w\" sizes=\"(max-width: 1024px) 100vw, 1024px\" \/><\/figure>\n\n\n\n<p>Son motivadores por naturaleza que inspiran a su equipo a imponerse altas miras y a desarrollar su m\u00e1ximo potencial.  Adem\u00e1s, animan a quienes buscan convertirse en l\u00edderes a tener una visi\u00f3n clara de lo que quieren lograr y a seguir un sistema probado para llegar a ello.  Josefina y Gustavo nos recuerdan tambi\u00e9n que los errores son oportunidades para aprender y crecer<\/p>\n\n\n\n<p>Probablemente la lecci\u00f3n m\u00e1s importante que podemos aprender de ellos es la importancia de un saludable equilibrio entre la vida y el trabajo, pues incluso mientras generan un poderoso impacto positivo de m\u00faltiples formas, ambos priorizan el cuidado de s\u00ed mismos y de sus relaciones.  Josefina y Gustavo son un flamante ejemplo de lo que puede lograrse cuando hay pasi\u00f3n, determinaci\u00f3n y fe.  Su historia no solo motiva, adem\u00e1s es una lecci\u00f3n para todos.<\/p>\n\n\n\n<p><strong>APRENDE DE JOSEFINA Y GUSTAVO<\/strong><\/p>\n\n\n\n<p>Estos son algunos de sus consejos que puedes poner en pr\u00e1ctica en tu propia vida y en tu negocio:  <\/p>\n\n\n\n<ul><li>D\u00e9jate motivar por un sentido de prop\u00f3sito y un deseo de generar un impacto positivo en el mundo, tanto a nivel personal como profesional.<\/li><li>Enf\u00f3cate en ayudar a tu equipo a lograr sus objetivos, no solo en lograr los tuyos. <\/li><li>Ten una visi\u00f3n clara de lo que quieres lograr y sigue un camino probado. <\/li><li>Aprende de tus errores y \u00fasalos como oportunidades para crecer y mejorar.<\/li><li>Ponte en acci\u00f3n (incluso si sientes temor) e imponte desaf\u00edos, y crece en \u00e1reas que a\u00fan no dominas. <\/li><li>Prioriza un equilibrio saludable entre tu vida y tu carrera, y cuida de ti y de tus relaciones. <\/li><\/ul>\n\n\n\n<p>\u00a1Esperamos que al compartir esta historia de \u00e9xito puedas visualizar tu propio \u00e9xito como Socio de Marca!<\/p>\n","protected":false},"excerpt":{"rendered":"<p>Conoce el poder que puede ejercer la visi\u00f3n en este reconocimiento a Josefina \u201cChepis\u201d Castro y Gustavo Ament, galardonados con el Premio Visi\u00f3n Am\u00e9rica Latina 2023. Este premio se entrega en reconocimiento a esa inspiradora trayectoria que los ha llevado a convertirse en destacados l\u00edderes dentro del mercadeo en red. Descubrir\u00e1s tips que te pueden servir de gu\u00eda hacia tu propio \u00e9xito como Socio de Marca. <\/p>\n","protected":false},"author":32,"featured_media":66787,"comment_status":"closed","ping_status":"closed","sticky":false,"template":"","format":"standard","meta":[],"categories":[1240],"tags":[],"yoast_head":"<!-- This site is optimized with the Yoast SEO plugin v18.3 - https:\/\/yoast.com\/wordpress\/plugins\/seo\/ -->\n<title>Journal | Partner.Co : El poder de la visi\u00f3n en la creaci\u00f3n del \u00e9xito<\/title>\n<meta name=\"robots\" content=\"index, follow, max-snippet:-1, max-image-preview:large, max-video-preview:-1\" \/>\n<link rel=\"canonical\" href=\"https:\/\/blog.partner.co\/es-mx\/el-poder-de-la-vision-en-la-creacion-del-exito\/\" \/>\n<meta property=\"og:locale\" content=\"es_MX\" \/>\n<meta property=\"og:type\" content=\"article\" \/>\n<meta property=\"og:title\" content=\"Journal | Partner.Co : El poder de la visi\u00f3n en la creaci\u00f3n del \u00e9xito\" \/>\n<meta property=\"og:description\" content=\"Conoce el poder que puede ejercer la visi\u00f3n en este reconocimiento a Josefina \u201cChepis\u201d Castro y Gustavo Ament, galardonados con el Premio Visi\u00f3n Am\u00e9rica Latina 2023. Este premio se entrega en reconocimiento a esa inspiradora trayectoria que los ha llevado a convertirse en destacados l\u00edderes dentro del mercadeo en red. Descubrir\u00e1s tips que te pueden servir de gu\u00eda hacia tu propio \u00e9xito como Socio de Marca.\" \/>\n<meta property=\"og:url\" content=\"https:\/\/blog.partner.co\/es-mx\/el-poder-de-la-vision-en-la-creacion-del-exito\/\" \/>\n<meta property=\"og:site_name\" content=\"Partner.Co\" \/>\n<meta property=\"article:published_time\" content=\"2023-04-21T10:00:00+00:00\" \/>\n<meta property=\"article:modified_time\" content=\"2023-04-22T01:08:46+00:00\" \/>\n<meta property=\"og:image\" content=\"https:\/\/blog.partner.co\/wp-content\/uploads\/2023\/04\/PTR_LA-vision-award_header-blog.jpg\" \/>\n\t<meta property=\"og:image:width\" content=\"1400\" \/>\n\t<meta property=\"og:image:height\" content=\"800\" \/>\n\t<meta property=\"og:image:type\" content=\"image\/jpeg\" \/>\n<meta name=\"twitter:card\" content=\"summary_large_image\" \/>\n<meta name=\"twitter:label1\" content=\"Escrito por\" \/>\n\t<meta name=\"twitter:data1\" content=\"Sandy Ng\" \/>\n\t<meta name=\"twitter:label2\" content=\"Tiempo de lectura\" \/>\n\t<meta name=\"twitter:data2\" content=\"3 minutos\" \/>\n<script type=\"application\/ld+json\" class=\"yoast-schema-graph\">{\"@context\":\"https:\/\/schema.org\",\"@graph\":[{\"@type\":\"Organization\",\"@id\":\"https:\/\/blog.partner.co\/#organization\",\"name\":\"PartnerCo\",\"url\":\"https:\/\/blog.partner.co\/\",\"sameAs\":[],\"logo\":{\"@type\":\"ImageObject\",\"@id\":\"https:\/\/blog.partner.co\/#logo\",\"inLanguage\":\"es-MX\",\"url\":\"https:\/\/blog.partner.co\/wp-content\/uploads\/2024\/01\/ptr_logo-primary-green_200px.png\",\"contentUrl\":\"https:\/\/blog.partner.co\/wp-content\/uploads\/2024\/01\/ptr_logo-primary-green_200px.png\",\"width\":200,\"height\":33,\"caption\":\"PartnerCo\"},\"image\":{\"@id\":\"https:\/\/blog.partner.co\/#logo\"}},{\"@type\":\"WebSite\",\"@id\":\"https:\/\/blog.partner.co\/#website\",\"url\":\"https:\/\/blog.partner.co\/\",\"name\":\"Partner.Co\",\"description\":\"Journal\",\"publisher\":{\"@id\":\"https:\/\/blog.partner.co\/#organization\"},\"potentialAction\":[{\"@type\":\"SearchAction\",\"target\":{\"@type\":\"EntryPoint\",\"urlTemplate\":\"https:\/\/blog.partner.co\/?s={search_term_string}\"},\"query-input\":\"required name=search_term_string\"}],\"inLanguage\":\"es-MX\"},{\"@type\":\"ImageObject\",\"@id\":\"https:\/\/blog.partner.co\/es-mx\/el-poder-de-la-vision-en-la-creacion-del-exito\/#primaryimage\",\"inLanguage\":\"es-MX\",\"url\":\"https:\/\/blog.partner.co\/wp-content\/uploads\/2023\/04\/PTR_LA-vision-award_header-blog.jpg\",\"contentUrl\":\"https:\/\/blog.partner.co\/wp-content\/uploads\/2023\/04\/PTR_LA-vision-award_header-blog.jpg\",\"width\":1400,\"height\":800},{\"@type\":\"WebPage\",\"@id\":\"https:\/\/blog.partner.co\/es-mx\/el-poder-de-la-vision-en-la-creacion-del-exito\/#webpage\",\"url\":\"https:\/\/blog.partner.co\/es-mx\/el-poder-de-la-vision-en-la-creacion-del-exito\/\",\"name\":\"Journal | Partner.Co : El poder de la visi\u00f3n en la creaci\u00f3n del \u00e9xito\",\"isPartOf\":{\"@id\":\"https:\/\/blog.partner.co\/#website\"},\"primaryImageOfPage\":{\"@id\":\"https:\/\/blog.partner.co\/es-mx\/el-poder-de-la-vision-en-la-creacion-del-exito\/#primaryimage\"},\"datePublished\":\"2023-04-21T10:00:00+00:00\",\"dateModified\":\"2023-04-22T01:08:46+00:00\",\"breadcrumb\":{\"@id\":\"https:\/\/blog.partner.co\/es-mx\/el-poder-de-la-vision-en-la-creacion-del-exito\/#breadcrumb\"},\"inLanguage\":\"es-MX\",\"potentialAction\":[{\"@type\":\"ReadAction\",\"target\":[\"https:\/\/blog.partner.co\/es-mx\/el-poder-de-la-vision-en-la-creacion-del-exito\/\"]}]},{\"@type\":\"BreadcrumbList\",\"@id\":\"https:\/\/blog.partner.co\/es-mx\/el-poder-de-la-vision-en-la-creacion-del-exito\/#breadcrumb\",\"itemListElement\":[{\"@type\":\"ListItem\",\"position\":1,\"name\":\"Home\",\"item\":\"https:\/\/blog.partner.co\/es-mx\/\"},{\"@type\":\"ListItem\",\"position\":2,\"name\":\"El poder de la visi\u00f3n en la creaci\u00f3n del \u00e9xito\"}]},{\"@type\":\"Article\",\"@id\":\"https:\/\/blog.partner.co\/es-mx\/el-poder-de-la-vision-en-la-creacion-del-exito\/#article\",\"isPartOf\":{\"@id\":\"https:\/\/blog.partner.co\/es-mx\/el-poder-de-la-vision-en-la-creacion-del-exito\/#webpage\"},\"author\":{\"@id\":\"https:\/\/blog.partner.co\/#\/schema\/person\/d1eb0fc746ad8a0ee093decbd55ff3b7\"},\"headline\":\"El poder de la visi\u00f3n en la creaci\u00f3n del \u00e9xito\",\"datePublished\":\"2023-04-21T10:00:00+00:00\",\"dateModified\":\"2023-04-22T01:08:46+00:00\",\"mainEntityOfPage\":{\"@id\":\"https:\/\/blog.partner.co\/es-mx\/el-poder-de-la-vision-en-la-creacion-del-exito\/#webpage\"},\"wordCount\":581,\"publisher\":{\"@id\":\"https:\/\/blog.partner.co\/#organization\"},\"image\":{\"@id\":\"https:\/\/blog.partner.co\/es-mx\/el-poder-de-la-vision-en-la-creacion-del-exito\/#primaryimage\"},\"thumbnailUrl\":\"https:\/\/blog.partner.co\/wp-content\/uploads\/2023\/04\/PTR_LA-vision-award_header-blog.jpg\",\"articleSection\":[\"Negocios\"],\"inLanguage\":\"es-MX\"},{\"@type\":\"Person\",\"@id\":\"https:\/\/blog.partner.co\/#\/schema\/person\/d1eb0fc746ad8a0ee093decbd55ff3b7\",\"name\":\"Sandy Ng\",\"image\":{\"@type\":\"ImageObject\",\"@id\":\"https:\/\/blog.partner.co\/#personlogo\",\"inLanguage\":\"es-MX\",\"url\":\"https:\/\/secure.gravatar.com\/avatar\/95f3464d8be2f38711f7e4731ea4e1b4?s=96&d=mm&r=g\",\"contentUrl\":\"https:\/\/secure.gravatar.com\/avatar\/95f3464d8be2f38711f7e4731ea4e1b4?s=96&d=mm&r=g\",\"caption\":\"Sandy Ng\"},\"url\":\"https:\/\/blog.partner.co\/es-mx\/author\/sandy-ngariix-com\/\"}]}<\/script>\n<!-- \/ Yoast SEO plugin. -->","yoast_head_json":{"title":"Journal | Partner.Co : El poder de la visi\u00f3n en la creaci\u00f3n del \u00e9xito","robots":{"index":"index","follow":"follow","max-snippet":"max-snippet:-1","max-image-preview":"max-image-preview:large","max-video-preview":"max-video-preview:-1"},"canonical":"https:\/\/blog.partner.co\/es-mx\/el-poder-de-la-vision-en-la-creacion-del-exito\/","og_locale":"es_MX","og_type":"article","og_title":"Journal | Partner.Co : El poder de la visi\u00f3n en la creaci\u00f3n del \u00e9xito","og_description":"Conoce el poder que puede ejercer la visi\u00f3n en este reconocimiento a Josefina \u201cChepis\u201d Castro y Gustavo Ament, galardonados con el Premio Visi\u00f3n Am\u00e9rica Latina 2023. Este premio se entrega en reconocimiento a esa inspiradora trayectoria que los ha llevado a convertirse en destacados l\u00edderes dentro del mercadeo en red. Descubrir\u00e1s tips que te pueden servir de gu\u00eda hacia tu propio \u00e9xito como Socio de Marca.","og_url":"https:\/\/blog.partner.co\/es-mx\/el-poder-de-la-vision-en-la-creacion-del-exito\/","og_site_name":"Partner.Co","article_published_time":"2023-04-21T10:00:00+00:00","article_modified_time":"2023-04-22T01:08:46+00:00","og_image":[{"width":1400,"height":800,"url":"https:\/\/blog.partner.co\/wp-content\/uploads\/2023\/04\/PTR_LA-vision-award_header-blog.jpg","type":"image\/jpeg"}],"twitter_card":"summary_large_image","twitter_misc":{"Escrito por":"Sandy Ng","Tiempo de lectura":"3 minutos"},"schema":{"@context":"https:\/\/schema.org","@graph":[{"@type":"Organization","@id":"https:\/\/blog.partner.co\/#organization","name":"PartnerCo","url":"https:\/\/blog.partner.co\/","sameAs":[],"logo":{"@type":"ImageObject","@id":"https:\/\/blog.partner.co\/#logo","inLanguage":"es-MX","url":"https:\/\/blog.partner.co\/wp-content\/uploads\/2024\/01\/ptr_logo-primary-green_200px.png","contentUrl":"https:\/\/blog.partner.co\/wp-content\/uploads\/2024\/01\/ptr_logo-primary-green_200px.png","width":200,"height":33,"caption":"PartnerCo"},"image":{"@id":"https:\/\/blog.partner.co\/#logo"}},{"@type":"WebSite","@id":"https:\/\/blog.partner.co\/#website","url":"https:\/\/blog.partner.co\/","name":"Partner.Co","description":"Journal","publisher":{"@id":"https:\/\/blog.partner.co\/#organization"},"potentialAction":[{"@type":"SearchAction","target":{"@type":"EntryPoint","urlTemplate":"https:\/\/blog.partner.co\/?s={search_term_string}"},"query-input":"required name=search_term_string"}],"inLanguage":"es-MX"},{"@type":"ImageObject","@id":"https:\/\/blog.partner.co\/es-mx\/el-poder-de-la-vision-en-la-creacion-del-exito\/#primaryimage","inLanguage":"es-MX","url":"https:\/\/blog.partner.co\/wp-content\/uploads\/2023\/04\/PTR_LA-vision-award_header-blog.jpg","contentUrl":"https:\/\/blog.partner.co\/wp-content\/uploads\/2023\/04\/PTR_LA-vision-award_header-blog.jpg","width":1400,"height":800},{"@type":"WebPage","@id":"https:\/\/blog.partner.co\/es-mx\/el-poder-de-la-vision-en-la-creacion-del-exito\/#webpage","url":"https:\/\/blog.partner.co\/es-mx\/el-poder-de-la-vision-en-la-creacion-del-exito\/","name":"Journal | Partner.Co : El poder de la visi\u00f3n en la creaci\u00f3n del \u00e9xito","isPartOf":{"@id":"https:\/\/blog.partner.co\/#website"},"primaryImageOfPage":{"@id":"https:\/\/blog.partner.co\/es-mx\/el-poder-de-la-vision-en-la-creacion-del-exito\/#primaryimage"},"datePublished":"2023-04-21T10:00:00+00:00","dateModified":"2023-04-22T01:08:46+00:00","breadcrumb":{"@id":"https:\/\/blog.partner.co\/es-mx\/el-poder-de-la-vision-en-la-creacion-del-exito\/#breadcrumb"},"inLanguage":"es-MX","potentialAction":[{"@type":"ReadAction","target":["https:\/\/blog.partner.co\/es-mx\/el-poder-de-la-vision-en-la-creacion-del-exito\/"]}]},{"@type":"BreadcrumbList","@id":"https:\/\/blog.partner.co\/es-mx\/el-poder-de-la-vision-en-la-creacion-del-exito\/#breadcrumb","itemListElement":[{"@type":"ListItem","position":1,"name":"Home","item":"https:\/\/blog.partner.co\/es-mx\/"},{"@type":"ListItem","position":2,"name":"El poder de la visi\u00f3n en la creaci\u00f3n del \u00e9xito"}]},{"@type":"Article","@id":"https:\/\/blog.partner.co\/es-mx\/el-poder-de-la-vision-en-la-creacion-del-exito\/#article","isPartOf":{"@id":"https:\/\/blog.partner.co\/es-mx\/el-poder-de-la-vision-en-la-creacion-del-exito\/#webpage"},"author":{"@id":"https:\/\/blog.partner.co\/#\/schema\/person\/d1eb0fc746ad8a0ee093decbd55ff3b7"},"headline":"El poder de la visi\u00f3n en la creaci\u00f3n del \u00e9xito","datePublished":"2023-04-21T10:00:00+00:00","dateModified":"2023-04-22T01:08:46+00:00","mainEntityOfPage":{"@id":"https:\/\/blog.partner.co\/es-mx\/el-poder-de-la-vision-en-la-creacion-del-exito\/#webpage"},"wordCount":581,"publisher":{"@id":"https:\/\/blog.partner.co\/#organization"},"image":{"@id":"https:\/\/blog.partner.co\/es-mx\/el-poder-de-la-vision-en-la-creacion-del-exito\/#primaryimage"},"thumbnailUrl":"https:\/\/blog.partner.co\/wp-content\/uploads\/2023\/04\/PTR_LA-vision-award_header-blog.jpg","articleSection":["Negocios"],"inLanguage":"es-MX"},{"@type":"Person","@id":"https:\/\/blog.partner.co\/#\/schema\/person\/d1eb0fc746ad8a0ee093decbd55ff3b7","name":"Sandy Ng","image":{"@type":"ImageObject","@id":"https:\/\/blog.partner.co\/#personlogo","inLanguage":"es-MX","url":"https:\/\/secure.gravatar.com\/avatar\/95f3464d8be2f38711f7e4731ea4e1b4?s=96&d=mm&r=g","contentUrl":"https:\/\/secure.gravatar.com\/avatar\/95f3464d8be2f38711f7e4731ea4e1b4?s=96&d=mm&r=g","caption":"Sandy Ng"},"url":"https:\/\/blog.partner.co\/es-mx\/author\/sandy-ngariix-com\/"}]}},"_links":{"self":[{"href":"https:\/\/blog.partner.co\/es-mx\/wp-json\/wp\/v2\/posts\/66781"}],"collection":[{"href":"https:\/\/blog.partner.co\/es-mx\/wp-json\/wp\/v2\/posts"}],"about":[{"href":"https:\/\/blog.partner.co\/es-mx\/wp-json\/wp\/v2\/types\/post"}],"author":[{"embeddable":true,"href":"https:\/\/blog.partner.co\/es-mx\/wp-json\/wp\/v2\/users\/32"}],"replies":[{"embeddable":true,"href":"https:\/\/blog.partner.co\/es-mx\/wp-json\/wp\/v2\/comments?post=66781"}],"version-history":[{"count":2,"href":"https:\/\/blog.partner.co\/es-mx\/wp-json\/wp\/v2\/posts\/66781\/revisions"}],"predecessor-version":[{"id":66786,"href":"https:\/\/blog.partner.co\/es-mx\/wp-json\/wp\/v2\/posts\/66781\/revisions\/66786"}],"wp:featuredmedia":[{"embeddable":true,"href":"https:\/\/blog.partner.co\/es-mx\/wp-json\/wp\/v2\/media\/66787"}],"wp:attachment":[{"href":"https:\/\/blog.partner.co\/es-mx\/wp-json\/wp\/v2\/media?parent=66781"}],"wp:term":[{"taxonomy":"category","embeddable":true,"href":"https:\/\/blog.partner.co\/es-mx\/wp-json\/wp\/v2\/categories?post=66781"},{"taxonomy":"post_tag","embeddable":true,"href":"https:\/\/blog.partner.co\/es-mx\/wp-json\/wp\/v2\/tags?post=66781"}],"curies":[{"name":"wp","href":"https:\/\/api.w.org\/{rel}","templated":true}]}}