{"id":66885,"date":"2023-04-21T14:21:00","date_gmt":"2023-04-21T14:21:00","guid":{"rendered":"https:\/\/blog.partner.co\/celebrando-el-dia-de-la-tierra-con-nuestro-compromiso-con-el-planeta\/"},"modified":"2023-04-21T14:22:36","modified_gmt":"2023-04-21T14:22:36","slug":"celebrando-el-dia-de-la-tierra-con-nuestro-compromiso-con-el-planeta","status":"publish","type":"post","link":"https:\/\/blog.partner.co\/es-es\/celebrando-el-dia-de-la-tierra-con-nuestro-compromiso-con-el-planeta\/","title":{"rendered":"Celebrando el D\u00eda de la Tierra con nuestro compromiso con el planeta"},"content":{"rendered":"\n<p>En Partner.Co estamos comprometidos a reducir nuestro impacto medioambiental y a aumentar nuestra huella de sostenibilidad en todas nuestras pr\u00e1cticas.<\/p>\n\n\n\n<p>Todos debemos compartir los limitados recursos naturales del planeta para garantizar que las futuras generaciones sigan teniendo acceso a las mismas materias y recursos. Nuestra empresa se gu\u00eda por el deseo de colaborar con el planeta. Tenemos el poder de proteger este valioso lugar, y estamos haciendo todo lo posible para ello.<\/p>\n\n\n\n<p>Por tanto, como entidad global, mantenemos nuestro compromiso de reducir nuestra huella de carbono aumentando las tasas de reciclaje y empleando alternativas m\u00e1s sostenibles a las opciones de embalaje existentes. Nuestro objetivo sigue siendo el mismo: fabricar productos con beneficios de alto impacto pero de bajo impacto ambiental.<\/p>\n\n\n\n<div class=\"wp-block-image\"><figure class=\"alignleft size-medium\"><img loading=\"lazy\" width=\"240\" height=\"300\" src=\"https:\/\/blog.partner.co\/wp-content\/uploads\/2023\/04\/Artboard-2-2-240x300.jpg\" alt=\"\" class=\"wp-image-66860\" srcset=\"https:\/\/blog.partner.co\/wp-content\/uploads\/2023\/04\/Artboard-2-2-240x300.jpg 240w, https:\/\/blog.partner.co\/wp-content\/uploads\/2023\/04\/Artboard-2-2-819x1024.jpg 819w, https:\/\/blog.partner.co\/wp-content\/uploads\/2023\/04\/Artboard-2-2-768x960.jpg 768w, https:\/\/blog.partner.co\/wp-content\/uploads\/2023\/04\/Artboard-2-2.jpg 1080w\" sizes=\"(max-width: 240px) 100vw, 240px\" \/><\/figure><\/div>\n\n\n\n<p><strong>Embalaje inteligente<\/strong><\/p>\n\n\n\n<p>Siempre estamos en busca de nuevas formas de reducir los materiales de embalaje e incorporar materiales reciclados en su desarrollo. Gracias a nuestros esfuerzos en los \u00faltimos a\u00f1os, hemos conseguido que el 69 % de los m\u00e1s de 140 productos que comercializamos (y sus componentes) sean reciclables. <\/p>\n\n\n\n<p>Trabajamos continuamente con nuestros fabricantes para identificar nuevas tecnolog\u00edas e innovaciones de embalaje para cualquier componente que no sea reciclable o sea dif\u00edcil de reciclar. <\/p>\n\n\n\n<div style=\"height:5px\" aria-hidden=\"true\" class=\"wp-block-spacer\"><\/div>\n\n\n\n<div class=\"wp-block-image\"><figure class=\"alignright size-medium\"><img loading=\"lazy\" width=\"240\" height=\"300\" src=\"https:\/\/blog.partner.co\/wp-content\/uploads\/2023\/04\/Artboard-3-2-240x300.jpg\" alt=\"\" class=\"wp-image-66848\" srcset=\"https:\/\/blog.partner.co\/wp-content\/uploads\/2023\/04\/Artboard-3-2-240x300.jpg 240w, https:\/\/blog.partner.co\/wp-content\/uploads\/2023\/04\/Artboard-3-2-819x1024.jpg 819w, https:\/\/blog.partner.co\/wp-content\/uploads\/2023\/04\/Artboard-3-2-768x960.jpg 768w, https:\/\/blog.partner.co\/wp-content\/uploads\/2023\/04\/Artboard-3-2.jpg 1080w\" sizes=\"(max-width: 240px) 100vw, 240px\" \/><\/figure><\/div>\n\n\n\n<p><strong>Recolecci\u00f3n \u00e9tica del noni<\/strong><\/p>\n\n\n\n<p>Nuestra fruta del <a href=\"https:\/\/partner.co\/shop\/product\/tahitian-noni-original\">noni<\/a> se cultiva sin pesticidas ni fertilizantes qu\u00edmicos. Las granjas familiares con las que colaboramos <em>solo<\/em> lo recogen a mano. \u00a1M\u00e1s natural imposible!<\/p>\n\n\n\n<p>Como en un solo \u00e1rbol de noni hay frutos en diferentes etapas de maduraci\u00f3n, gran parte caer\u00e1 al suelo y se descompondr\u00e1. A medida que la fruta se descompone, los nutrientes regresan a la tierra, continuando el ciclo para la siguiente tanda de fruta.<\/p>\n\n\n\n<div style=\"height:5px\" aria-hidden=\"true\" class=\"wp-block-spacer\"><\/div>\n\n\n\n<div class=\"wp-block-image\"><figure class=\"alignleft size-medium\"><img loading=\"lazy\" width=\"240\" height=\"300\" src=\"https:\/\/blog.partner.co\/wp-content\/uploads\/2023\/04\/Artboard-4-2-240x300.jpg\" alt=\"\" class=\"wp-image-66851\" srcset=\"https:\/\/blog.partner.co\/wp-content\/uploads\/2023\/04\/Artboard-4-2-240x300.jpg 240w, https:\/\/blog.partner.co\/wp-content\/uploads\/2023\/04\/Artboard-4-2-819x1024.jpg 819w, https:\/\/blog.partner.co\/wp-content\/uploads\/2023\/04\/Artboard-4-2-768x960.jpg 768w, https:\/\/blog.partner.co\/wp-content\/uploads\/2023\/04\/Artboard-4-2.jpg 1080w\" sizes=\"(max-width: 240px) 100vw, 240px\" \/><\/figure><\/div>\n\n\n\n<p><strong>Evitamos residuos con Puritii\u00ae<\/strong><\/p>\n\n\n\n<p>Las botellas de pl\u00e1stico son uno de los peores enemigos de nuestro medio ambiente, especialmente cuando no se reciclan. Gracias a nuestras <a href=\"https:\/\/partner.co\/shop\/product\/puritii-water-filtration-system\">botellas de agua reutilizables de Tritan Puritii\u00ae<\/a>, hemos logrado evitar que m\u00e1s de 52 millones de botellas de pl\u00e1stico acaben en los vertederos y en los oc\u00e9anos de nuestro planeta. La pr\u00f3xima vez que rellenes tu botella Puritii, sonr\u00ede, porque est\u00e1s contribuyendo activamente a este cambio.<\/p>\n\n\n\n<div style=\"height:5px\" aria-hidden=\"true\" class=\"wp-block-spacer\"><\/div>\n\n\n\n<div class=\"wp-block-image\"><figure class=\"alignright size-medium\"><img loading=\"lazy\" width=\"240\" height=\"300\" src=\"https:\/\/blog.partner.co\/wp-content\/uploads\/2023\/04\/Artboard-5-2-240x300.jpg\" alt=\"\" class=\"wp-image-66854\" srcset=\"https:\/\/blog.partner.co\/wp-content\/uploads\/2023\/04\/Artboard-5-2-240x300.jpg 240w, https:\/\/blog.partner.co\/wp-content\/uploads\/2023\/04\/Artboard-5-2-819x1024.jpg 819w, https:\/\/blog.partner.co\/wp-content\/uploads\/2023\/04\/Artboard-5-2-768x960.jpg 768w, https:\/\/blog.partner.co\/wp-content\/uploads\/2023\/04\/Artboard-5-2.jpg 1080w\" sizes=\"(max-width: 240px) 100vw, 240px\" \/><\/figure><\/div>\n\n\n\n<p><strong>Protegemos nuestros oc\u00e9anos con Lucim\u2122<\/strong><\/p>\n\n\n\n<p>Un promedio de 12 millones de litros de protector solar termina en los oc\u00e9anos del planeta<em> cada a\u00f1o<\/em> (el equivalente a m\u00e1s de cuatro cohetes Saturno V, el cohete que llev\u00f3 por primera vez a los humanos a la Luna). Desafortunadamente, la mayor\u00eda de los protectores solares contiene ingredientes altamente t\u00f3xicos para la vida marina, especialmente para los arrecifes de coral de nuestros oc\u00e9anos. Estas toxinas causan un da\u00f1o irreparable al medio ambiente.<\/p>\n\n\n\n<p>El <a href=\"https:\/\/partner.co\/shop\/product\/lucim-mineral-sunscreen-spf-30\">Protector Solar Mineral FPS 30 Lucim\u2122<\/a> no solo es la mejor defensa contra los efectos da\u00f1inos de los rayos UVA y UVB, \u00a1tambi\u00e9n es seguro para los arrecifes! Hemos desarrollado cuidadosamente su f\u00f3rmula no t\u00f3xica pensando en nuestra incre\u00edble tierra, as\u00ed que \u00e9chatela y date un chapuz\u00f3n en el oc\u00e9ano sin miedo a dejar restos de ning\u00fan producto qu\u00edmico da\u00f1ino.<\/p>\n\n\n\n<div style=\"height:5px\" aria-hidden=\"true\" class=\"wp-block-spacer\"><\/div>\n\n\n\n<div class=\"wp-block-image\"><figure class=\"alignleft size-medium\"><img loading=\"lazy\" width=\"240\" height=\"300\" src=\"https:\/\/blog.partner.co\/wp-content\/uploads\/2023\/04\/Artboard-6-2-240x300.jpg\" alt=\"\" class=\"wp-image-66857\" srcset=\"https:\/\/blog.partner.co\/wp-content\/uploads\/2023\/04\/Artboard-6-2-240x300.jpg 240w, https:\/\/blog.partner.co\/wp-content\/uploads\/2023\/04\/Artboard-6-2-819x1024.jpg 819w, https:\/\/blog.partner.co\/wp-content\/uploads\/2023\/04\/Artboard-6-2-768x960.jpg 768w, https:\/\/blog.partner.co\/wp-content\/uploads\/2023\/04\/Artboard-6-2.jpg 1080w\" sizes=\"(max-width: 240px) 100vw, 240px\" \/><\/figure><\/div>\n\n\n\n<p><strong>Certificado Cruelty-Free<\/strong><\/p>\n\n\n\n<p>Promovemos tanto la protecci\u00f3n de la salud y la seguridad de las personas como el trato \u00e9tico y respetuoso de los animales. Por eso nuestros productos nunca se testan en animales. Nuestros productos cosm\u00e9ticos, incluidos <a href=\"https:\/\/partner.co\/shop\/search\/lucim\">Lucim y Lucim+\u2122<\/a>, est\u00e1n certificados por <a href=\"https:\/\/www.leapingbunny.org\/\">Leaping Bunny<\/a> y la <a href=\"https:\/\/www.peta.org\/living\/personal-care-fashion\/beauty-without-bunnies\/\">campa\u00f1a Beauty without Bunnies de PETA<\/a>.<\/p>\n\n\n\n<div style=\"height:8px\" aria-hidden=\"true\" class=\"wp-block-spacer\"><\/div>\n\n\n\n<p>\u00a1Celebra la tierra todos los d\u00edas tomando las decisiones correctas!<\/p>\n","protected":false},"excerpt":{"rendered":"<p>En lo que tiene que ver con el planeta Tierra, estamos comprometidos a reducir nuestro impacto medioambiental y a aumentar nuestra huella de sostenibilidad con cada producto.<\/p>\n","protected":false},"author":32,"featured_media":66844,"comment_status":"closed","ping_status":"closed","sticky":false,"template":"","format":"standard","meta":[],"categories":[1142],"tags":[],"yoast_head":"<!-- This site is optimized with the Yoast SEO plugin v18.3 - https:\/\/yoast.com\/wordpress\/plugins\/seo\/ -->\n<title>Journal | Partner.Co : Celebrando el D\u00eda de la Tierra con nuestro compromiso con el planeta<\/title>\n<meta name=\"robots\" content=\"index, follow, max-snippet:-1, max-image-preview:large, max-video-preview:-1\" \/>\n<link rel=\"canonical\" href=\"https:\/\/blog.partner.co\/es-es\/celebrando-el-dia-de-la-tierra-con-nuestro-compromiso-con-el-planeta\/\" \/>\n<meta property=\"og:locale\" content=\"es_ES\" \/>\n<meta property=\"og:type\" content=\"article\" \/>\n<meta property=\"og:title\" content=\"Journal | Partner.Co : Celebrando el D\u00eda de la Tierra con nuestro compromiso con el planeta\" \/>\n<meta property=\"og:description\" content=\"En lo que tiene que ver con el planeta Tierra, estamos comprometidos a reducir nuestro impacto medioambiental y a aumentar nuestra huella de sostenibilidad con cada producto.\" \/>\n<meta property=\"og:url\" content=\"https:\/\/blog.partner.co\/es-es\/celebrando-el-dia-de-la-tierra-con-nuestro-compromiso-con-el-planeta\/\" \/>\n<meta property=\"og:site_name\" content=\"Partner.Co\" \/>\n<meta property=\"article:published_time\" content=\"2023-04-21T14:21:00+00:00\" \/>\n<meta property=\"article:modified_time\" content=\"2023-04-21T14:22:36+00:00\" \/>\n<meta property=\"og:image\" content=\"https:\/\/blog.partner.co\/wp-content\/uploads\/2023\/04\/PRT_Earth-Day-Blog-Post-Header_04-2023_EU-SPA_v01.jpg\" \/>\n\t<meta property=\"og:image:width\" content=\"1400\" \/>\n\t<meta property=\"og:image:height\" content=\"800\" \/>\n\t<meta property=\"og:image:type\" content=\"image\/jpeg\" \/>\n<meta name=\"twitter:card\" content=\"summary_large_image\" \/>\n<meta name=\"twitter:label1\" content=\"Written by\" \/>\n\t<meta name=\"twitter:data1\" content=\"Sandy Ng\" \/>\n\t<meta name=\"twitter:label2\" content=\"Est. reading time\" \/>\n\t<meta name=\"twitter:data2\" content=\"3 minutes\" \/>\n<script type=\"application\/ld+json\" class=\"yoast-schema-graph\">{\"@context\":\"https:\/\/schema.org\",\"@graph\":[{\"@type\":\"Organization\",\"@id\":\"https:\/\/blog.partner.co\/#organization\",\"name\":\"PartnerCo\",\"url\":\"https:\/\/blog.partner.co\/\",\"sameAs\":[],\"logo\":{\"@type\":\"ImageObject\",\"@id\":\"https:\/\/blog.partner.co\/#logo\",\"inLanguage\":\"es-ESP\",\"url\":\"https:\/\/blog.partner.co\/wp-content\/uploads\/2024\/01\/ptr_logo-primary-green_200px.png\",\"contentUrl\":\"https:\/\/blog.partner.co\/wp-content\/uploads\/2024\/01\/ptr_logo-primary-green_200px.png\",\"width\":200,\"height\":33,\"caption\":\"PartnerCo\"},\"image\":{\"@id\":\"https:\/\/blog.partner.co\/#logo\"}},{\"@type\":\"WebSite\",\"@id\":\"https:\/\/blog.partner.co\/#website\",\"url\":\"https:\/\/blog.partner.co\/\",\"name\":\"Partner.Co\",\"description\":\"Journal\",\"publisher\":{\"@id\":\"https:\/\/blog.partner.co\/#organization\"},\"potentialAction\":[{\"@type\":\"SearchAction\",\"target\":{\"@type\":\"EntryPoint\",\"urlTemplate\":\"https:\/\/blog.partner.co\/?s={search_term_string}\"},\"query-input\":\"required name=search_term_string\"}],\"inLanguage\":\"es-ESP\"},{\"@type\":\"ImageObject\",\"@id\":\"https:\/\/blog.partner.co\/es-es\/celebrando-el-dia-de-la-tierra-con-nuestro-compromiso-con-el-planeta\/#primaryimage\",\"inLanguage\":\"es-ESP\",\"url\":\"https:\/\/blog.partner.co\/wp-content\/uploads\/2023\/04\/PRT_Earth-Day-Blog-Post-Header_04-2023_EU-SPA_v01.jpg\",\"contentUrl\":\"https:\/\/blog.partner.co\/wp-content\/uploads\/2023\/04\/PRT_Earth-Day-Blog-Post-Header_04-2023_EU-SPA_v01.jpg\",\"width\":1400,\"height\":800},{\"@type\":\"WebPage\",\"@id\":\"https:\/\/blog.partner.co\/es-es\/celebrando-el-dia-de-la-tierra-con-nuestro-compromiso-con-el-planeta\/#webpage\",\"url\":\"https:\/\/blog.partner.co\/es-es\/celebrando-el-dia-de-la-tierra-con-nuestro-compromiso-con-el-planeta\/\",\"name\":\"Journal | Partner.Co : Celebrando el D\u00eda de la Tierra con nuestro compromiso con el planeta\",\"isPartOf\":{\"@id\":\"https:\/\/blog.partner.co\/#website\"},\"primaryImageOfPage\":{\"@id\":\"https:\/\/blog.partner.co\/es-es\/celebrando-el-dia-de-la-tierra-con-nuestro-compromiso-con-el-planeta\/#primaryimage\"},\"datePublished\":\"2023-04-21T14:21:00+00:00\",\"dateModified\":\"2023-04-21T14:22:36+00:00\",\"breadcrumb\":{\"@id\":\"https:\/\/blog.partner.co\/es-es\/celebrando-el-dia-de-la-tierra-con-nuestro-compromiso-con-el-planeta\/#breadcrumb\"},\"inLanguage\":\"es-ESP\",\"potentialAction\":[{\"@type\":\"ReadAction\",\"target\":[\"https:\/\/blog.partner.co\/es-es\/celebrando-el-dia-de-la-tierra-con-nuestro-compromiso-con-el-planeta\/\"]}]},{\"@type\":\"BreadcrumbList\",\"@id\":\"https:\/\/blog.partner.co\/es-es\/celebrando-el-dia-de-la-tierra-con-nuestro-compromiso-con-el-planeta\/#breadcrumb\",\"itemListElement\":[{\"@type\":\"ListItem\",\"position\":1,\"name\":\"Home\",\"item\":\"https:\/\/blog.partner.co\/es-es\/\"},{\"@type\":\"ListItem\",\"position\":2,\"name\":\"Celebrando el D\u00eda de la Tierra con nuestro compromiso con el planeta\"}]},{\"@type\":\"Article\",\"@id\":\"https:\/\/blog.partner.co\/es-es\/celebrando-el-dia-de-la-tierra-con-nuestro-compromiso-con-el-planeta\/#article\",\"isPartOf\":{\"@id\":\"https:\/\/blog.partner.co\/es-es\/celebrando-el-dia-de-la-tierra-con-nuestro-compromiso-con-el-planeta\/#webpage\"},\"author\":{\"@id\":\"https:\/\/blog.partner.co\/#\/schema\/person\/d1eb0fc746ad8a0ee093decbd55ff3b7\"},\"headline\":\"Celebrando el D\u00eda de la Tierra con nuestro compromiso con el planeta\",\"datePublished\":\"2023-04-21T14:21:00+00:00\",\"dateModified\":\"2023-04-21T14:22:36+00:00\",\"mainEntityOfPage\":{\"@id\":\"https:\/\/blog.partner.co\/es-es\/celebrando-el-dia-de-la-tierra-con-nuestro-compromiso-con-el-planeta\/#webpage\"},\"wordCount\":591,\"publisher\":{\"@id\":\"https:\/\/blog.partner.co\/#organization\"},\"image\":{\"@id\":\"https:\/\/blog.partner.co\/es-es\/celebrando-el-dia-de-la-tierra-con-nuestro-compromiso-con-el-planeta\/#primaryimage\"},\"thumbnailUrl\":\"https:\/\/blog.partner.co\/wp-content\/uploads\/2023\/04\/PRT_Earth-Day-Blog-Post-Header_04-2023_EU-SPA_v01.jpg\",\"articleSection\":[\"Estilo de vida\"],\"inLanguage\":\"es-ESP\"},{\"@type\":\"Person\",\"@id\":\"https:\/\/blog.partner.co\/#\/schema\/person\/d1eb0fc746ad8a0ee093decbd55ff3b7\",\"name\":\"Sandy Ng\",\"image\":{\"@type\":\"ImageObject\",\"@id\":\"https:\/\/blog.partner.co\/#personlogo\",\"inLanguage\":\"es-ESP\",\"url\":\"https:\/\/secure.gravatar.com\/avatar\/95f3464d8be2f38711f7e4731ea4e1b4?s=96&d=mm&r=g\",\"contentUrl\":\"https:\/\/secure.gravatar.com\/avatar\/95f3464d8be2f38711f7e4731ea4e1b4?s=96&d=mm&r=g\",\"caption\":\"Sandy Ng\"},\"url\":\"https:\/\/blog.partner.co\/es-es\/author\/sandy-ngariix-com\/\"}]}<\/script>\n<!-- \/ Yoast SEO plugin. -->","yoast_head_json":{"title":"Journal | Partner.Co : Celebrando el D\u00eda de la Tierra con nuestro compromiso con el planeta","robots":{"index":"index","follow":"follow","max-snippet":"max-snippet:-1","max-image-preview":"max-image-preview:large","max-video-preview":"max-video-preview:-1"},"canonical":"https:\/\/blog.partner.co\/es-es\/celebrando-el-dia-de-la-tierra-con-nuestro-compromiso-con-el-planeta\/","og_locale":"es_ES","og_type":"article","og_title":"Journal | Partner.Co : Celebrando el D\u00eda de la Tierra con nuestro compromiso con el planeta","og_description":"En lo que tiene que ver con el planeta Tierra, estamos comprometidos a reducir nuestro impacto medioambiental y a aumentar nuestra huella de sostenibilidad con cada producto.","og_url":"https:\/\/blog.partner.co\/es-es\/celebrando-el-dia-de-la-tierra-con-nuestro-compromiso-con-el-planeta\/","og_site_name":"Partner.Co","article_published_time":"2023-04-21T14:21:00+00:00","article_modified_time":"2023-04-21T14:22:36+00:00","og_image":[{"width":1400,"height":800,"url":"https:\/\/blog.partner.co\/wp-content\/uploads\/2023\/04\/PRT_Earth-Day-Blog-Post-Header_04-2023_EU-SPA_v01.jpg","type":"image\/jpeg"}],"twitter_card":"summary_large_image","twitter_misc":{"Written by":"Sandy Ng","Est. reading time":"3 minutes"},"schema":{"@context":"https:\/\/schema.org","@graph":[{"@type":"Organization","@id":"https:\/\/blog.partner.co\/#organization","name":"PartnerCo","url":"https:\/\/blog.partner.co\/","sameAs":[],"logo":{"@type":"ImageObject","@id":"https:\/\/blog.partner.co\/#logo","inLanguage":"es-ESP","url":"https:\/\/blog.partner.co\/wp-content\/uploads\/2024\/01\/ptr_logo-primary-green_200px.png","contentUrl":"https:\/\/blog.partner.co\/wp-content\/uploads\/2024\/01\/ptr_logo-primary-green_200px.png","width":200,"height":33,"caption":"PartnerCo"},"image":{"@id":"https:\/\/blog.partner.co\/#logo"}},{"@type":"WebSite","@id":"https:\/\/blog.partner.co\/#website","url":"https:\/\/blog.partner.co\/","name":"Partner.Co","description":"Journal","publisher":{"@id":"https:\/\/blog.partner.co\/#organization"},"potentialAction":[{"@type":"SearchAction","target":{"@type":"EntryPoint","urlTemplate":"https:\/\/blog.partner.co\/?s={search_term_string}"},"query-input":"required name=search_term_string"}],"inLanguage":"es-ESP"},{"@type":"ImageObject","@id":"https:\/\/blog.partner.co\/es-es\/celebrando-el-dia-de-la-tierra-con-nuestro-compromiso-con-el-planeta\/#primaryimage","inLanguage":"es-ESP","url":"https:\/\/blog.partner.co\/wp-content\/uploads\/2023\/04\/PRT_Earth-Day-Blog-Post-Header_04-2023_EU-SPA_v01.jpg","contentUrl":"https:\/\/blog.partner.co\/wp-content\/uploads\/2023\/04\/PRT_Earth-Day-Blog-Post-Header_04-2023_EU-SPA_v01.jpg","width":1400,"height":800},{"@type":"WebPage","@id":"https:\/\/blog.partner.co\/es-es\/celebrando-el-dia-de-la-tierra-con-nuestro-compromiso-con-el-planeta\/#webpage","url":"https:\/\/blog.partner.co\/es-es\/celebrando-el-dia-de-la-tierra-con-nuestro-compromiso-con-el-planeta\/","name":"Journal | Partner.Co : Celebrando el D\u00eda de la Tierra con nuestro compromiso con el planeta","isPartOf":{"@id":"https:\/\/blog.partner.co\/#website"},"primaryImageOfPage":{"@id":"https:\/\/blog.partner.co\/es-es\/celebrando-el-dia-de-la-tierra-con-nuestro-compromiso-con-el-planeta\/#primaryimage"},"datePublished":"2023-04-21T14:21:00+00:00","dateModified":"2023-04-21T14:22:36+00:00","breadcrumb":{"@id":"https:\/\/blog.partner.co\/es-es\/celebrando-el-dia-de-la-tierra-con-nuestro-compromiso-con-el-planeta\/#breadcrumb"},"inLanguage":"es-ESP","potentialAction":[{"@type":"ReadAction","target":["https:\/\/blog.partner.co\/es-es\/celebrando-el-dia-de-la-tierra-con-nuestro-compromiso-con-el-planeta\/"]}]},{"@type":"BreadcrumbList","@id":"https:\/\/blog.partner.co\/es-es\/celebrando-el-dia-de-la-tierra-con-nuestro-compromiso-con-el-planeta\/#breadcrumb","itemListElement":[{"@type":"ListItem","position":1,"name":"Home","item":"https:\/\/blog.partner.co\/es-es\/"},{"@type":"ListItem","position":2,"name":"Celebrando el D\u00eda de la Tierra con nuestro compromiso con el planeta"}]},{"@type":"Article","@id":"https:\/\/blog.partner.co\/es-es\/celebrando-el-dia-de-la-tierra-con-nuestro-compromiso-con-el-planeta\/#article","isPartOf":{"@id":"https:\/\/blog.partner.co\/es-es\/celebrando-el-dia-de-la-tierra-con-nuestro-compromiso-con-el-planeta\/#webpage"},"author":{"@id":"https:\/\/blog.partner.co\/#\/schema\/person\/d1eb0fc746ad8a0ee093decbd55ff3b7"},"headline":"Celebrando el D\u00eda de la Tierra con nuestro compromiso con el planeta","datePublished":"2023-04-21T14:21:00+00:00","dateModified":"2023-04-21T14:22:36+00:00","mainEntityOfPage":{"@id":"https:\/\/blog.partner.co\/es-es\/celebrando-el-dia-de-la-tierra-con-nuestro-compromiso-con-el-planeta\/#webpage"},"wordCount":591,"publisher":{"@id":"https:\/\/blog.partner.co\/#organization"},"image":{"@id":"https:\/\/blog.partner.co\/es-es\/celebrando-el-dia-de-la-tierra-con-nuestro-compromiso-con-el-planeta\/#primaryimage"},"thumbnailUrl":"https:\/\/blog.partner.co\/wp-content\/uploads\/2023\/04\/PRT_Earth-Day-Blog-Post-Header_04-2023_EU-SPA_v01.jpg","articleSection":["Estilo de vida"],"inLanguage":"es-ESP"},{"@type":"Person","@id":"https:\/\/blog.partner.co\/#\/schema\/person\/d1eb0fc746ad8a0ee093decbd55ff3b7","name":"Sandy Ng","image":{"@type":"ImageObject","@id":"https:\/\/blog.partner.co\/#personlogo","inLanguage":"es-ESP","url":"https:\/\/secure.gravatar.com\/avatar\/95f3464d8be2f38711f7e4731ea4e1b4?s=96&d=mm&r=g","contentUrl":"https:\/\/secure.gravatar.com\/avatar\/95f3464d8be2f38711f7e4731ea4e1b4?s=96&d=mm&r=g","caption":"Sandy Ng"},"url":"https:\/\/blog.partner.co\/es-es\/author\/sandy-ngariix-com\/"}]}},"_links":{"self":[{"href":"https:\/\/blog.partner.co\/es-es\/wp-json\/wp\/v2\/posts\/66885"}],"collection":[{"href":"https:\/\/blog.partner.co\/es-es\/wp-json\/wp\/v2\/posts"}],"about":[{"href":"https:\/\/blog.partner.co\/es-es\/wp-json\/wp\/v2\/types\/post"}],"author":[{"embeddable":true,"href":"https:\/\/blog.partner.co\/es-es\/wp-json\/wp\/v2\/users\/32"}],"replies":[{"embeddable":true,"href":"https:\/\/blog.partner.co\/es-es\/wp-json\/wp\/v2\/comments?post=66885"}],"version-history":[{"count":2,"href":"https:\/\/blog.partner.co\/es-es\/wp-json\/wp\/v2\/posts\/66885\/revisions"}],"predecessor-version":[{"id":66889,"href":"https:\/\/blog.partner.co\/es-es\/wp-json\/wp\/v2\/posts\/66885\/revisions\/66889"}],"wp:featuredmedia":[{"embeddable":true,"href":"https:\/\/blog.partner.co\/es-es\/wp-json\/wp\/v2\/media\/66844"}],"wp:attachment":[{"href":"https:\/\/blog.partner.co\/es-es\/wp-json\/wp\/v2\/media?parent=66885"}],"wp:term":[{"taxonomy":"category","embeddable":true,"href":"https:\/\/blog.partner.co\/es-es\/wp-json\/wp\/v2\/categories?post=66885"},{"taxonomy":"post_tag","embeddable":true,"href":"https:\/\/blog.partner.co\/es-es\/wp-json\/wp\/v2\/tags?post=66885"}],"curies":[{"name":"wp","href":"https:\/\/api.w.org\/{rel}","templated":true}]}}