{"id":179037,"date":"2024-04-24T14:31:10","date_gmt":"2024-04-24T14:31:10","guid":{"rendered":"https:\/\/blog.partner.co\/werner-berger-del-consejo-de-atletas-se-prepara-para-escalar-el-everest\/"},"modified":"2024-04-24T14:34:15","modified_gmt":"2024-04-24T14:34:15","slug":"werner-berger-del-consejo-de-atletas-se-prepara-para-escalar-el-everest","status":"publish","type":"post","link":"https:\/\/blog.partner.co\/es-es\/werner-berger-del-consejo-de-atletas-se-prepara-para-escalar-el-everest\/","title":{"rendered":"Werner Berger del Consejo de atletas se prepara para escalar el Everest"},"content":{"rendered":"\n<p>A principios de los noventa, cuando ten\u00eda cincuenta a\u00f1os, Werner Berger decidi\u00f3 que quer\u00eda hacer algo completamente distinto a lo que hab\u00eda hecho hasta entonces: quer\u00eda escalar una monta\u00f1a, pero no una cualquiera: el Everest, la m\u00e1s alta del mundo.<\/p>\n\n<p>Al principio, Werner dice que su familia no se tom\u00f3 en serio su idea. Sin embargo, dos a\u00f1os despu\u00e9s, uno de sus hijos le propuso escalar el campamento base del Everest. Werner acept\u00f3, complet\u00f3 la excursi\u00f3n y ah\u00ed empez\u00f3 todo. Desde entonces, hace m\u00e1s de 30 a\u00f1os, Werner no solo ha alcanzado la cima del Everest, sino que tambi\u00e9n ha escalado las Siete Cumbres, los picos m\u00e1s altos de los siete continentes.<\/p>\n\n<p>No contento con eso, tambi\u00e9n complet\u00f3 la ascensi\u00f3n a la Pir\u00e1mide Carstensz de Nueva Guinea, la monta\u00f1a m\u00e1s alta de una isla del mundo, completando lo que se conoce como Messner 7. En el proceso, Werner se gan\u00f3 el r\u00e9cord como la persona de m\u00e1s edad en escalar las Siete Cumbres en el Libro Guinness de los R\u00e9cords. En noviembre de 2013, a los 77 a\u00f1os, Werner complet\u00f3 todas las ascensiones en un periodo de 12 meses.<\/p>\n\n<figure class=\"wp-block-image size-large\"><img loading=\"lazy\" width=\"1024\" height=\"447\" src=\"https:\/\/blog.partner.co\/wp-content\/uploads\/2024\/04\/image-asset-2-1-1024x447.jpeg\" alt=\"\" class=\"wp-image-179044\" srcset=\"https:\/\/blog.partner.co\/wp-content\/uploads\/2024\/04\/image-asset-2-1-1024x447.jpeg 1024w, https:\/\/blog.partner.co\/wp-content\/uploads\/2024\/04\/image-asset-2-1-300x131.jpeg 300w, https:\/\/blog.partner.co\/wp-content\/uploads\/2024\/04\/image-asset-2-1-768x335.jpeg 768w, https:\/\/blog.partner.co\/wp-content\/uploads\/2024\/04\/image-asset-2-1-1536x671.jpeg 1536w, https:\/\/blog.partner.co\/wp-content\/uploads\/2024\/04\/image-asset-2-1-2048x895.jpeg 2048w, https:\/\/blog.partner.co\/wp-content\/uploads\/2024\/04\/image-asset-2-1-1080x472.jpeg 1080w\" sizes=\"(max-width: 1024px) 100vw, 1024px\" \/><\/figure>\n<h1 class=\"has-text-align-center\"><strong>Siempre llegando a la cima<\/strong><\/h1>\n\n<p>En la actualidad, Werner se dispone a sus 86 a\u00f1os a volver al lugar donde empez\u00f3 todo y escalar el Campo Base del Everest por sexta vez y por primera vez desde el 2016. En esta ocasi\u00f3n, Werner liderar\u00e1 un equipo de 15 personas. En sus viajes anteriores, lider\u00f3 grupos m\u00e1s numerosos, pero hay algo que no ha cambiado: ha mantenido un r\u00e9cord perfecto para llevar a su grupo al campamento base.<\/p>\n\n<blockquote class=\"wp-block-quote\"><p>\u00abLos atletas son los que cuentan con la tasa de abandono m\u00e1s alta porque tratan de superar sus l\u00edmites y se agotan. La tasa normal de abandono es del 24-44 %. Llegar al campamento base es cuesti\u00f3n de acondicionamiento previo a la escalada, procedimientos de aclimataci\u00f3n y asegurarse de que se camina despacio y se respira bien. No se trata simplemente de hacer paso, paso, paso, paso. Se hace paso, respiraci\u00f3n, paso\u00bb.<\/p><\/blockquote>\n\n<p>Para este viaje, Werner y su equipo tardar\u00e1n 10 d\u00edas en llegar al campamento base, y otros tres en regresar. \u00abLa diferencia de tiempo tiene que ver con la aclimataci\u00f3n durante el descenso\u00bb, explica. Su altitud inicial en Lukla (Nepal) es de 2860 metros, y subir\u00e1n hasta el campamento base, situado a 5364 metros. Llevar\u00e1n sus propias mochilas (que pesan unos 25 kg) y no utilizar\u00e1n ox\u00edgeno. Werner dijo que utiliz\u00f3 el ox\u00edgeno en el Everest, cuando hizo cumbre, pero no hasta haber alcanzado los 6000 m.<\/p>\n\n<p>Durante el viaje, perder\u00e1n dos d\u00edas para aclimatarse. B\u00e1sicamente, se concentrar\u00e1n en subir, adaptarse a la nueva altitud y volver a bajar para dormir.<\/p>\n\n<p>\u00abEso es lo que le permite al cuerpo a adaptarse\u00bb, explica Werner.<\/p>\n\n<p>Antes del viaje, Werner equilibra su r\u00e9gimen de entrenamiento para poder completarlo con \u00e9xito. El a\u00f1o pasado tuvo que someterse a una doble pr\u00f3tesis de rodilla, por lo que su entrenamiento actual es diferente al de a\u00f1os anteriores, ya que tiene que evitar forzarlo demasiado y, al mismo tiempo, prepararse para subir a 5363 m de altura.<\/p>\n\n<figure class=\"wp-block-image size-large\"><img loading=\"lazy\" width=\"1024\" height=\"447\" src=\"https:\/\/blog.partner.co\/wp-content\/uploads\/2024\/04\/hikers-fromemail-2-1024x447.jpeg\" alt=\"\" class=\"wp-image-179045\" srcset=\"https:\/\/blog.partner.co\/wp-content\/uploads\/2024\/04\/hikers-fromemail-2-1024x447.jpeg 1024w, https:\/\/blog.partner.co\/wp-content\/uploads\/2024\/04\/hikers-fromemail-2-300x131.jpeg 300w, https:\/\/blog.partner.co\/wp-content\/uploads\/2024\/04\/hikers-fromemail-2-768x335.jpeg 768w, https:\/\/blog.partner.co\/wp-content\/uploads\/2024\/04\/hikers-fromemail-2-1536x671.jpeg 1536w, https:\/\/blog.partner.co\/wp-content\/uploads\/2024\/04\/hikers-fromemail-2-2048x895.jpeg 2048w, https:\/\/blog.partner.co\/wp-content\/uploads\/2024\/04\/hikers-fromemail-2-1080x472.jpeg 1080w\" sizes=\"(max-width: 1024px) 100vw, 1024px\" \/><\/figure>\n<p>Sin embargo, los posibles puntos de dolor del entrenamiento no son nada en comparaci\u00f3n con la sensaci\u00f3n que est\u00e1 logrando sentir en su pr\u00f3ximo viaje.<\/p>\n\n<p>\u00abLa enorme alegr\u00eda de ayudar a las personas que me acompa\u00f1an a vivir esta experiencia surrealista. Es la \u00fanica forma que tengo de describirlo\u00bb, afirma.<\/p>\n\n<blockquote class=\"wp-block-quote\"><p>\u00abEsto es lo que realmente me ha conquistado, estar en este magn\u00edfico silencio al que no estamos acostumbrados, y por tanto sentirme parte de todo y apreciarlo todo, ya sea una nube, el sol o una gota de lluvia, aunque no suele llover en los viajes de primavera\u00bb.<\/p><\/blockquote>\n\n<p>A esta sensaci\u00f3n se suma lo que ha podido experimentar en m\u00faltiples ocasiones, osea, \u00absimplemente volver a ese entorno, porque es muy f\u00e1cil sentirse conectado con todo y admirar el esplendor y la grandeza de este planeta\u00bb.<\/p>\n\n<h1 class=\"has-text-align-center\"><strong>El poder de Partner.Co<\/strong><\/h1>\n\n<p>Naturalmente, Werner admite que los complementos alimenticios de Partner.Co son una parte importante de su r\u00e9gimen de bienestar, tanto durante el entrenamiento como durante el trekking.<\/p>\n\n<p>\u00abAl principio dije que no necesitaba ning\u00fan complemento alimenticio porque como bien. Mi amigo me dijo: &#8216;Obviamente no sabes mucho de nutrici\u00f3n&#8217;\u00bb.&#13;\n&#13;\n\u00a0&#13;\n&#13;\nWerner admite haber notado cambios sorprendentes.<\/p>\n\n<blockquote class=\"wp-block-quote\"><p>\u00abMe gustaba la energ\u00eda, la vitalidad y la resistencia que me estaban dando los complementos alimenticios\u00bb.<\/p><\/blockquote>\n\n<p>Werner, adem\u00e1s, cre\u00eda que los complementos alimenticios que tomaba contribu\u00edan a aliviar las migra\u00f1as que padec\u00eda. Despu\u00e9s de todas sus experiencias positivas, Werner ten\u00eda claro que no volver\u00eda a prescindir de los productos Partner.Co nunca m\u00e1s.<\/p>\n\n<p>\u00abHe tenido muy buenas experiencias a lo largo de los a\u00f1os [con los productos Partner.Co], \u00bfpor qu\u00e9 iba a cambiar?\u00bb<\/p>\n\n<p>Pero, \u00bftiene un favorito que le ayude a entrenar?<\/p>\n\n<p>\u00abEn una palabra: todas\u00bb.<\/p>\n\n<p>\u00abNo tengo ning\u00fan producto favorito porque, seg\u00fan mi experiencia tomando todo lo que est\u00e1 disponible, as\u00ed es como funciona. Funcionan juntos. No podemos sobrevivir solo con antioxidantes, no podemos sobrevivir solo con vitaminas, no podemos sobrevivir solo con minerales. Los necesitamos todos, as\u00ed que los tomo todos, y eso es lo que marca la diferencia\u00bb.<\/p>\n\n<p>Estamos agradecidos de que Werner haya encontrado una verdadera colaboraci\u00f3n con nosotros y nuestros productos, y de que se los vaya a llevar en este incre\u00edble viaje que est\u00e1 a punto de emprender. \u00a1No te pierdas las noticias que compartiremos sobre el viaje de Werner cuando regrese y el contenido exclusivo que \u00e9l mismo cree desde la cima del mundo!<\/p>\n\n<p>\u00a0<\/p>\n","protected":false},"excerpt":{"rendered":"<p>A principios de los noventa, cuando ten\u00eda cincuenta a\u00f1os, Werner Berger decidi\u00f3 que quer\u00eda hacer algo completamente distinto a lo que hab\u00eda hecho hasta entonces: quer\u00eda escalar una monta\u00f1a, pero no una cualquiera: el Everest, la m\u00e1s alta del mundo. Al principio, Werner dice que su familia no se tom\u00f3 en serio su idea. Sin embargo, dos a\u00f1os despu\u00e9s, uno de sus hijos le propuso escalar el campamento base del Everest. Werner acept\u00f3, complet\u00f3 la excursi\u00f3n y ah\u00ed empez\u00f3 todo. Desde entonces, hace m\u00e1s de 30 a\u00f1os, Werner no solo ha alcanzado la cima del Everest, sino que tambi\u00e9n ha escalado las Siete Cumbres, los picos m\u00e1s altos de los siete continentes. No contento con eso, tambi\u00e9n complet\u00f3 la ascensi\u00f3n a la Pir\u00e1mide Carstensz de Nueva Guinea, la monta\u00f1a m\u00e1s alta de una isla del mundo, completando lo que se conoce como Messner 7. En el proceso, Werner se gan\u00f3 el r\u00e9cord como la persona de m\u00e1s edad en escalar las Siete Cumbres en el Libro Guinness de los R\u00e9cords. En noviembre de 2013, a los 77 a\u00f1os, Werner complet\u00f3 todas las ascensiones en un periodo de 12 meses. Siempre llegando a la cima En la actualidad, Werner se dispone [&hellip;]<\/p>\n","protected":false},"author":87,"featured_media":179038,"comment_status":"closed","ping_status":"closed","sticky":false,"template":"","format":"standard","meta":[],"categories":[1256],"tags":[],"yoast_head":"<!-- This site is optimized with the Yoast SEO plugin v18.3 - https:\/\/yoast.com\/wordpress\/plugins\/seo\/ -->\n<title>Journal | Partner.Co : Werner Berger del Consejo de atletas se prepara para escalar el Everest<\/title>\n<meta name=\"description\" content=\"No muchos pueden afirmar poseer un r\u00e9cord Guinness mientras se preparan para ir al campamento base del Everest por sexta vez, pero nuestro asociado Werner Berger s\u00ed.\" \/>\n<meta name=\"robots\" content=\"index, follow, max-snippet:-1, max-image-preview:large, max-video-preview:-1\" \/>\n<link rel=\"canonical\" href=\"https:\/\/blog.partner.co\/es-es\/werner-berger-del-consejo-de-atletas-se-prepara-para-escalar-el-everest\/\" \/>\n<meta property=\"og:locale\" content=\"es_ES\" \/>\n<meta property=\"og:type\" content=\"article\" \/>\n<meta property=\"og:title\" content=\"Journal | Partner.Co : Werner Berger del Consejo de atletas se prepara para escalar el Everest\" \/>\n<meta property=\"og:description\" content=\"No muchos pueden afirmar poseer un r\u00e9cord Guinness mientras se preparan para ir al campamento base del Everest por sexta vez, pero nuestro asociado Werner Berger s\u00ed.\" \/>\n<meta property=\"og:url\" content=\"https:\/\/blog.partner.co\/es-es\/werner-berger-del-consejo-de-atletas-se-prepara-para-escalar-el-everest\/\" \/>\n<meta property=\"og:site_name\" content=\"Partner.Co\" \/>\n<meta property=\"article:published_time\" content=\"2024-04-24T14:31:10+00:00\" \/>\n<meta property=\"article:modified_time\" content=\"2024-04-24T14:34:15+00:00\" \/>\n<meta property=\"og:image\" content=\"https:\/\/blog.partner.co\/wp-content\/uploads\/2024\/04\/PTR_BLOG_HEADER_Werner-Berger-Mt-Everest_v2.jpg\" \/>\n\t<meta property=\"og:image:width\" content=\"1400\" \/>\n\t<meta property=\"og:image:height\" content=\"800\" \/>\n\t<meta property=\"og:image:type\" content=\"image\/jpeg\" \/>\n<meta name=\"twitter:card\" content=\"summary_large_image\" \/>\n<meta name=\"twitter:label1\" content=\"Written by\" \/>\n\t<meta name=\"twitter:data1\" content=\"Brian Zheng\" \/>\n\t<meta name=\"twitter:label2\" content=\"Est. reading time\" \/>\n\t<meta name=\"twitter:data2\" content=\"5 minutes\" \/>\n<script type=\"application\/ld+json\" class=\"yoast-schema-graph\">{\"@context\":\"https:\/\/schema.org\",\"@graph\":[{\"@type\":\"Organization\",\"@id\":\"https:\/\/blog.partner.co\/#organization\",\"name\":\"PartnerCo\",\"url\":\"https:\/\/blog.partner.co\/\",\"sameAs\":[],\"logo\":{\"@type\":\"ImageObject\",\"@id\":\"https:\/\/blog.partner.co\/#logo\",\"inLanguage\":\"es-ESP\",\"url\":\"https:\/\/blog.partner.co\/wp-content\/uploads\/2024\/01\/ptr_logo-primary-green_200px.png\",\"contentUrl\":\"https:\/\/blog.partner.co\/wp-content\/uploads\/2024\/01\/ptr_logo-primary-green_200px.png\",\"width\":200,\"height\":33,\"caption\":\"PartnerCo\"},\"image\":{\"@id\":\"https:\/\/blog.partner.co\/#logo\"}},{\"@type\":\"WebSite\",\"@id\":\"https:\/\/blog.partner.co\/#website\",\"url\":\"https:\/\/blog.partner.co\/\",\"name\":\"Partner.Co\",\"description\":\"Journal\",\"publisher\":{\"@id\":\"https:\/\/blog.partner.co\/#organization\"},\"potentialAction\":[{\"@type\":\"SearchAction\",\"target\":{\"@type\":\"EntryPoint\",\"urlTemplate\":\"https:\/\/blog.partner.co\/?s={search_term_string}\"},\"query-input\":\"required name=search_term_string\"}],\"inLanguage\":\"es-ESP\"},{\"@type\":\"ImageObject\",\"@id\":\"https:\/\/blog.partner.co\/es-es\/werner-berger-del-consejo-de-atletas-se-prepara-para-escalar-el-everest\/#primaryimage\",\"inLanguage\":\"es-ESP\",\"url\":\"https:\/\/blog.partner.co\/wp-content\/uploads\/2024\/04\/PTR_BLOG_HEADER_Werner-Berger-Mt-Everest_v2.jpg\",\"contentUrl\":\"https:\/\/blog.partner.co\/wp-content\/uploads\/2024\/04\/PTR_BLOG_HEADER_Werner-Berger-Mt-Everest_v2.jpg\",\"width\":1400,\"height\":800},{\"@type\":\"WebPage\",\"@id\":\"https:\/\/blog.partner.co\/es-es\/werner-berger-del-consejo-de-atletas-se-prepara-para-escalar-el-everest\/#webpage\",\"url\":\"https:\/\/blog.partner.co\/es-es\/werner-berger-del-consejo-de-atletas-se-prepara-para-escalar-el-everest\/\",\"name\":\"Journal | Partner.Co : Werner Berger del Consejo de atletas se prepara para escalar el Everest\",\"isPartOf\":{\"@id\":\"https:\/\/blog.partner.co\/#website\"},\"primaryImageOfPage\":{\"@id\":\"https:\/\/blog.partner.co\/es-es\/werner-berger-del-consejo-de-atletas-se-prepara-para-escalar-el-everest\/#primaryimage\"},\"datePublished\":\"2024-04-24T14:31:10+00:00\",\"dateModified\":\"2024-04-24T14:34:15+00:00\",\"description\":\"No muchos pueden afirmar poseer un r\u00e9cord Guinness mientras se preparan para ir al campamento base del Everest por sexta vez, pero nuestro asociado Werner Berger s\u00ed.\",\"breadcrumb\":{\"@id\":\"https:\/\/blog.partner.co\/es-es\/werner-berger-del-consejo-de-atletas-se-prepara-para-escalar-el-everest\/#breadcrumb\"},\"inLanguage\":\"es-ESP\",\"potentialAction\":[{\"@type\":\"ReadAction\",\"target\":[\"https:\/\/blog.partner.co\/es-es\/werner-berger-del-consejo-de-atletas-se-prepara-para-escalar-el-everest\/\"]}]},{\"@type\":\"BreadcrumbList\",\"@id\":\"https:\/\/blog.partner.co\/es-es\/werner-berger-del-consejo-de-atletas-se-prepara-para-escalar-el-everest\/#breadcrumb\",\"itemListElement\":[{\"@type\":\"ListItem\",\"position\":1,\"name\":\"Home\",\"item\":\"https:\/\/blog.partner.co\/es-es\/\"},{\"@type\":\"ListItem\",\"position\":2,\"name\":\"Werner Berger del Consejo de atletas se prepara para escalar el Everest\"}]},{\"@type\":\"Article\",\"@id\":\"https:\/\/blog.partner.co\/es-es\/werner-berger-del-consejo-de-atletas-se-prepara-para-escalar-el-everest\/#article\",\"isPartOf\":{\"@id\":\"https:\/\/blog.partner.co\/es-es\/werner-berger-del-consejo-de-atletas-se-prepara-para-escalar-el-everest\/#webpage\"},\"author\":{\"@id\":\"https:\/\/blog.partner.co\/#\/schema\/person\/d326940973505b0fc7fcdeb02a4b24a3\"},\"headline\":\"Werner Berger del Consejo de atletas se prepara para escalar el Everest\",\"datePublished\":\"2024-04-24T14:31:10+00:00\",\"dateModified\":\"2024-04-24T14:34:15+00:00\",\"mainEntityOfPage\":{\"@id\":\"https:\/\/blog.partner.co\/es-es\/werner-berger-del-consejo-de-atletas-se-prepara-para-escalar-el-everest\/#webpage\"},\"wordCount\":987,\"publisher\":{\"@id\":\"https:\/\/blog.partner.co\/#organization\"},\"image\":{\"@id\":\"https:\/\/blog.partner.co\/es-es\/werner-berger-del-consejo-de-atletas-se-prepara-para-escalar-el-everest\/#primaryimage\"},\"thumbnailUrl\":\"https:\/\/blog.partner.co\/wp-content\/uploads\/2024\/04\/PTR_BLOG_HEADER_Werner-Berger-Mt-Everest_v2.jpg\",\"articleSection\":[\"Negocio\"],\"inLanguage\":\"es-ESP\"},{\"@type\":\"Person\",\"@id\":\"https:\/\/blog.partner.co\/#\/schema\/person\/d326940973505b0fc7fcdeb02a4b24a3\",\"name\":\"Brian Zheng\",\"image\":{\"@type\":\"ImageObject\",\"@id\":\"https:\/\/blog.partner.co\/#personlogo\",\"inLanguage\":\"es-ESP\",\"url\":\"https:\/\/secure.gravatar.com\/avatar\/360b506a9ac350b52878d51fe8d92d81?s=96&d=mm&r=g\",\"contentUrl\":\"https:\/\/secure.gravatar.com\/avatar\/360b506a9ac350b52878d51fe8d92d81?s=96&d=mm&r=g\",\"caption\":\"Brian Zheng\"},\"url\":\"https:\/\/blog.partner.co\/es-es\/author\/brianz\/\"}]}<\/script>\n<!-- \/ Yoast SEO plugin. -->","yoast_head_json":{"title":"Journal | Partner.Co : Werner Berger del Consejo de atletas se prepara para escalar el Everest","description":"No muchos pueden afirmar poseer un r\u00e9cord Guinness mientras se preparan para ir al campamento base del Everest por sexta vez, pero nuestro asociado Werner Berger s\u00ed.","robots":{"index":"index","follow":"follow","max-snippet":"max-snippet:-1","max-image-preview":"max-image-preview:large","max-video-preview":"max-video-preview:-1"},"canonical":"https:\/\/blog.partner.co\/es-es\/werner-berger-del-consejo-de-atletas-se-prepara-para-escalar-el-everest\/","og_locale":"es_ES","og_type":"article","og_title":"Journal | Partner.Co : Werner Berger del Consejo de atletas se prepara para escalar el Everest","og_description":"No muchos pueden afirmar poseer un r\u00e9cord Guinness mientras se preparan para ir al campamento base del Everest por sexta vez, pero nuestro asociado Werner Berger s\u00ed.","og_url":"https:\/\/blog.partner.co\/es-es\/werner-berger-del-consejo-de-atletas-se-prepara-para-escalar-el-everest\/","og_site_name":"Partner.Co","article_published_time":"2024-04-24T14:31:10+00:00","article_modified_time":"2024-04-24T14:34:15+00:00","og_image":[{"width":1400,"height":800,"url":"https:\/\/blog.partner.co\/wp-content\/uploads\/2024\/04\/PTR_BLOG_HEADER_Werner-Berger-Mt-Everest_v2.jpg","type":"image\/jpeg"}],"twitter_card":"summary_large_image","twitter_misc":{"Written by":"Brian Zheng","Est. reading time":"5 minutes"},"schema":{"@context":"https:\/\/schema.org","@graph":[{"@type":"Organization","@id":"https:\/\/blog.partner.co\/#organization","name":"PartnerCo","url":"https:\/\/blog.partner.co\/","sameAs":[],"logo":{"@type":"ImageObject","@id":"https:\/\/blog.partner.co\/#logo","inLanguage":"es-ESP","url":"https:\/\/blog.partner.co\/wp-content\/uploads\/2024\/01\/ptr_logo-primary-green_200px.png","contentUrl":"https:\/\/blog.partner.co\/wp-content\/uploads\/2024\/01\/ptr_logo-primary-green_200px.png","width":200,"height":33,"caption":"PartnerCo"},"image":{"@id":"https:\/\/blog.partner.co\/#logo"}},{"@type":"WebSite","@id":"https:\/\/blog.partner.co\/#website","url":"https:\/\/blog.partner.co\/","name":"Partner.Co","description":"Journal","publisher":{"@id":"https:\/\/blog.partner.co\/#organization"},"potentialAction":[{"@type":"SearchAction","target":{"@type":"EntryPoint","urlTemplate":"https:\/\/blog.partner.co\/?s={search_term_string}"},"query-input":"required name=search_term_string"}],"inLanguage":"es-ESP"},{"@type":"ImageObject","@id":"https:\/\/blog.partner.co\/es-es\/werner-berger-del-consejo-de-atletas-se-prepara-para-escalar-el-everest\/#primaryimage","inLanguage":"es-ESP","url":"https:\/\/blog.partner.co\/wp-content\/uploads\/2024\/04\/PTR_BLOG_HEADER_Werner-Berger-Mt-Everest_v2.jpg","contentUrl":"https:\/\/blog.partner.co\/wp-content\/uploads\/2024\/04\/PTR_BLOG_HEADER_Werner-Berger-Mt-Everest_v2.jpg","width":1400,"height":800},{"@type":"WebPage","@id":"https:\/\/blog.partner.co\/es-es\/werner-berger-del-consejo-de-atletas-se-prepara-para-escalar-el-everest\/#webpage","url":"https:\/\/blog.partner.co\/es-es\/werner-berger-del-consejo-de-atletas-se-prepara-para-escalar-el-everest\/","name":"Journal | Partner.Co : Werner Berger del Consejo de atletas se prepara para escalar el Everest","isPartOf":{"@id":"https:\/\/blog.partner.co\/#website"},"primaryImageOfPage":{"@id":"https:\/\/blog.partner.co\/es-es\/werner-berger-del-consejo-de-atletas-se-prepara-para-escalar-el-everest\/#primaryimage"},"datePublished":"2024-04-24T14:31:10+00:00","dateModified":"2024-04-24T14:34:15+00:00","description":"No muchos pueden afirmar poseer un r\u00e9cord Guinness mientras se preparan para ir al campamento base del Everest por sexta vez, pero nuestro asociado Werner Berger s\u00ed.","breadcrumb":{"@id":"https:\/\/blog.partner.co\/es-es\/werner-berger-del-consejo-de-atletas-se-prepara-para-escalar-el-everest\/#breadcrumb"},"inLanguage":"es-ESP","potentialAction":[{"@type":"ReadAction","target":["https:\/\/blog.partner.co\/es-es\/werner-berger-del-consejo-de-atletas-se-prepara-para-escalar-el-everest\/"]}]},{"@type":"BreadcrumbList","@id":"https:\/\/blog.partner.co\/es-es\/werner-berger-del-consejo-de-atletas-se-prepara-para-escalar-el-everest\/#breadcrumb","itemListElement":[{"@type":"ListItem","position":1,"name":"Home","item":"https:\/\/blog.partner.co\/es-es\/"},{"@type":"ListItem","position":2,"name":"Werner Berger del Consejo de atletas se prepara para escalar el Everest"}]},{"@type":"Article","@id":"https:\/\/blog.partner.co\/es-es\/werner-berger-del-consejo-de-atletas-se-prepara-para-escalar-el-everest\/#article","isPartOf":{"@id":"https:\/\/blog.partner.co\/es-es\/werner-berger-del-consejo-de-atletas-se-prepara-para-escalar-el-everest\/#webpage"},"author":{"@id":"https:\/\/blog.partner.co\/#\/schema\/person\/d326940973505b0fc7fcdeb02a4b24a3"},"headline":"Werner Berger del Consejo de atletas se prepara para escalar el Everest","datePublished":"2024-04-24T14:31:10+00:00","dateModified":"2024-04-24T14:34:15+00:00","mainEntityOfPage":{"@id":"https:\/\/blog.partner.co\/es-es\/werner-berger-del-consejo-de-atletas-se-prepara-para-escalar-el-everest\/#webpage"},"wordCount":987,"publisher":{"@id":"https:\/\/blog.partner.co\/#organization"},"image":{"@id":"https:\/\/blog.partner.co\/es-es\/werner-berger-del-consejo-de-atletas-se-prepara-para-escalar-el-everest\/#primaryimage"},"thumbnailUrl":"https:\/\/blog.partner.co\/wp-content\/uploads\/2024\/04\/PTR_BLOG_HEADER_Werner-Berger-Mt-Everest_v2.jpg","articleSection":["Negocio"],"inLanguage":"es-ESP"},{"@type":"Person","@id":"https:\/\/blog.partner.co\/#\/schema\/person\/d326940973505b0fc7fcdeb02a4b24a3","name":"Brian Zheng","image":{"@type":"ImageObject","@id":"https:\/\/blog.partner.co\/#personlogo","inLanguage":"es-ESP","url":"https:\/\/secure.gravatar.com\/avatar\/360b506a9ac350b52878d51fe8d92d81?s=96&d=mm&r=g","contentUrl":"https:\/\/secure.gravatar.com\/avatar\/360b506a9ac350b52878d51fe8d92d81?s=96&d=mm&r=g","caption":"Brian Zheng"},"url":"https:\/\/blog.partner.co\/es-es\/author\/brianz\/"}]}},"_links":{"self":[{"href":"https:\/\/blog.partner.co\/es-es\/wp-json\/wp\/v2\/posts\/179037"}],"collection":[{"href":"https:\/\/blog.partner.co\/es-es\/wp-json\/wp\/v2\/posts"}],"about":[{"href":"https:\/\/blog.partner.co\/es-es\/wp-json\/wp\/v2\/types\/post"}],"author":[{"embeddable":true,"href":"https:\/\/blog.partner.co\/es-es\/wp-json\/wp\/v2\/users\/87"}],"replies":[{"embeddable":true,"href":"https:\/\/blog.partner.co\/es-es\/wp-json\/wp\/v2\/comments?post=179037"}],"version-history":[{"count":3,"href":"https:\/\/blog.partner.co\/es-es\/wp-json\/wp\/v2\/posts\/179037\/revisions"}],"predecessor-version":[{"id":179048,"href":"https:\/\/blog.partner.co\/es-es\/wp-json\/wp\/v2\/posts\/179037\/revisions\/179048"}],"wp:featuredmedia":[{"embeddable":true,"href":"https:\/\/blog.partner.co\/es-es\/wp-json\/wp\/v2\/media\/179038"}],"wp:attachment":[{"href":"https:\/\/blog.partner.co\/es-es\/wp-json\/wp\/v2\/media?parent=179037"}],"wp:term":[{"taxonomy":"category","embeddable":true,"href":"https:\/\/blog.partner.co\/es-es\/wp-json\/wp\/v2\/categories?post=179037"},{"taxonomy":"post_tag","embeddable":true,"href":"https:\/\/blog.partner.co\/es-es\/wp-json\/wp\/v2\/tags?post=179037"}],"curies":[{"name":"wp","href":"https:\/\/api.w.org\/{rel}","templated":true}]}}