{"id":56336,"date":"2021-01-11T16:42:26","date_gmt":"2021-01-11T16:42:26","guid":{"rendered":"http:\/\/blog.ariix.com\/die-lucim-hautpflegelinie-in-der-italienischer-vogue\/"},"modified":"2023-11-09T15:37:48","modified_gmt":"2023-11-09T15:37:48","slug":"die-lucim-hautpflegelinie-in-der-italienischer-vogue","status":"publish","type":"post","link":"https:\/\/blog.partner.co\/de-de\/die-lucim-hautpflegelinie-in-der-italienischer-vogue\/","title":{"rendered":"Die Lucim-Hautpflegelinie in der italienischer Vogue"},"content":{"rendered":"\n<div style=\"height:30px\" aria-hidden=\"true\" class=\"wp-block-spacer\"><\/div>\n\n\n\n<p>Wir freuen uns, Ihnen mitteilen zu k\u00f6nnen, dass die Lucim-Hautpflegelinie, und vor allem Skincerity,<strong> in der italienischen Vogue-Website vorgestellt wurden!<\/strong><\/p>\n\n\n\n<p><p>Der Artikel spricht vor allem \u00fcber Beauty-Trends f\u00fcr 2021, indem er aus 20 Marken die Must-have-Pflegeprodukte w\u00e4hlte. Beschrieben wird Lucim darin als eine \u201eumweltfreundliche Beauty-Routine, die sich durch ein perfektes Gleichgewicht zwischen Wissenschaft und Natur auszeichnet\u201c. <a href=\"https:\/\/www.vogue.it\/bellezza\/article\/tendenze-beauty-2021-prodotti-brand-da-non-perdere\" target=\"_blank\" rel=\"noopener noreferrer\">Schauen Sie sich den Artikel hier an<\/a>.\u00a0<\/p><\/p>\n\n\n\n<p><p><strong>Skincerity\u00ae von Lucim<\/strong> ist das im Fokus stehende Produkt. Diese Roll-on-Nachtmaske besitzt eine Breathable Barrier-Technologie und eine revolution\u00e4re Formel, die das Auftreten von feinen Linien, Falten und vergr\u00f6\u00dferten Poren auf Gesicht, H\u00e4nden, Hals und Brust reduziert und gleichzeitig kontinuierlich N\u00e4hrstoffe bietet.<\/p><\/p>\n\n\n\n<p>Durch unsere Vertriebspartner inspiriert, ist Lucim eine vollst\u00e4ndige Hautpflegelinie, die die Branche ver\u00e4ndert. Diese wirksamen Produkte verf\u00fcgen \u00fcber klinisch getestete Wirkstoffe, die die gew\u00fcnschten Wirkungen erzielen, ohne Abstriche bei der Sicherheit zu machen. Zudem werden Sie ohne Giftstoffe, ohne Gluten und ohne GVO hergestellt, sie sind vegan und werden nie an Tieren getestet.<\/p>\n","protected":false},"excerpt":{"rendered":"<p>Wir freuen uns, Ihnen mitteilen zu k\u00f6nnen, dass die Lucim-Hautpflegelinie, und vor allem Skincerity, in der italienischen Vogue-Website vorgestellt wurden! Der Artikel spricht vor allem \u00fcber Beauty-Trends f\u00fcr 2021, indem er aus 20 Marken die Must-have-Pflegeprodukte w\u00e4hlte. Beschrieben wird Lucim darin als eine \u201eumweltfreundliche Beauty-Routine, die sich durch ein perfektes Gleichgewicht zwischen Wissenschaft und Natur auszeichnet\u201c. Schauen Sie sich den Artikel hier an.\u00a0 Skincerity\u00ae von Lucim ist das im Fokus stehende Produkt. Diese Roll-on-Nachtmaske besitzt eine Breathable Barrier-Technologie und eine revolution\u00e4re Formel, die das Auftreten von feinen Linien, Falten und vergr\u00f6\u00dferten Poren auf Gesicht, H\u00e4nden, Hals und Brust reduziert und gleichzeitig kontinuierlich N\u00e4hrstoffe bietet. Durch unsere Vertriebspartner inspiriert, ist Lucim eine vollst\u00e4ndige Hautpflegelinie, die die Branche ver\u00e4ndert. Diese wirksamen Produkte verf\u00fcgen \u00fcber klinisch getestete Wirkstoffe, die die gew\u00fcnschten Wirkungen erzielen, ohne Abstriche bei der Sicherheit zu machen. Zudem werden Sie ohne Giftstoffe, ohne Gluten und ohne GVO hergestellt, sie sind vegan und werden nie an Tieren getestet.<\/p>\n","protected":false},"author":10,"featured_media":56574,"comment_status":"closed","ping_status":"closed","sticky":false,"template":"","format":"standard","meta":[],"categories":[986,646],"tags":[],"yoast_head":"<!-- This site is optimized with the Yoast SEO plugin v18.3 - https:\/\/yoast.com\/wordpress\/plugins\/seo\/ -->\n<title>Blog | ARIIX \u2013 Die Lucim-Hautpflegelinie in der italienischer Vogue<\/title>\n<meta name=\"description\" content=\"Die einzigartige Hautpflegelinie Lucim erscheint in der italienischen Vogue\" \/>\n<meta name=\"robots\" content=\"index, follow, max-snippet:-1, max-image-preview:large, max-video-preview:-1\" \/>\n<link rel=\"canonical\" href=\"https:\/\/blog.partner.co\/de-de\/die-lucim-hautpflegelinie-in-der-italienischer-vogue\/\" \/>\n<meta property=\"og:locale\" content=\"en_US\" \/>\n<meta property=\"og:type\" content=\"article\" \/>\n<meta property=\"og:title\" content=\"Blog | ARIIX \u2013 Die Lucim-Hautpflegelinie in der italienischer Vogue\" \/>\n<meta property=\"og:description\" content=\"Die einzigartige Hautpflegelinie Lucim erscheint in der italienischen Vogue\" \/>\n<meta property=\"og:url\" content=\"https:\/\/blog.partner.co\/de-de\/die-lucim-hautpflegelinie-in-der-italienischer-vogue\/\" \/>\n<meta property=\"og:site_name\" content=\"Partner.Co\" \/>\n<meta property=\"article:published_time\" content=\"2021-01-11T16:42:26+00:00\" \/>\n<meta property=\"article:modified_time\" content=\"2023-11-09T15:37:48+00:00\" \/>\n<meta property=\"og:image\" content=\"https:\/\/blog.partner.co\/wp-content\/uploads\/2021\/01\/ARX_Vogue-IT-Blog-PR_01-2021_EU-ENG_v01-1.jpg\" \/>\n\t<meta property=\"og:image:width\" content=\"1400\" \/>\n\t<meta property=\"og:image:height\" content=\"800\" \/>\n\t<meta property=\"og:image:type\" content=\"image\/jpeg\" \/>\n<meta name=\"twitter:card\" content=\"summary_large_image\" \/>\n<meta name=\"twitter:label1\" content=\"Written by\" \/>\n\t<meta name=\"twitter:data1\" content=\"Alessia Usai\" \/>\n\t<meta name=\"twitter:label2\" content=\"Est. reading time\" \/>\n\t<meta name=\"twitter:data2\" content=\"1 minute\" \/>\n<script type=\"application\/ld+json\" class=\"yoast-schema-graph\">{\"@context\":\"https:\/\/schema.org\",\"@graph\":[{\"@type\":\"Organization\",\"@id\":\"https:\/\/blog.partner.co\/#organization\",\"name\":\"PartnerCo\",\"url\":\"https:\/\/blog.partner.co\/\",\"sameAs\":[],\"logo\":{\"@type\":\"ImageObject\",\"@id\":\"https:\/\/blog.partner.co\/#logo\",\"inLanguage\":\"ge-DE\",\"url\":\"https:\/\/blog.partner.co\/wp-content\/uploads\/2024\/01\/ptr_logo-primary-green_200px.png\",\"contentUrl\":\"https:\/\/blog.partner.co\/wp-content\/uploads\/2024\/01\/ptr_logo-primary-green_200px.png\",\"width\":200,\"height\":33,\"caption\":\"PartnerCo\"},\"image\":{\"@id\":\"https:\/\/blog.partner.co\/#logo\"}},{\"@type\":\"WebSite\",\"@id\":\"https:\/\/blog.partner.co\/#website\",\"url\":\"https:\/\/blog.partner.co\/\",\"name\":\"Partner.Co\",\"description\":\"Journal\",\"publisher\":{\"@id\":\"https:\/\/blog.partner.co\/#organization\"},\"potentialAction\":[{\"@type\":\"SearchAction\",\"target\":{\"@type\":\"EntryPoint\",\"urlTemplate\":\"https:\/\/blog.partner.co\/?s={search_term_string}\"},\"query-input\":\"required name=search_term_string\"}],\"inLanguage\":\"ge-DE\"},{\"@type\":\"ImageObject\",\"@id\":\"https:\/\/blog.partner.co\/de-de\/die-lucim-hautpflegelinie-in-der-italienischer-vogue\/#primaryimage\",\"inLanguage\":\"ge-DE\",\"url\":\"https:\/\/blog.partner.co\/wp-content\/uploads\/2021\/01\/ARX_Vogue-IT-Blog-PR_01-2021_EU-ENG_v01-1.jpg\",\"contentUrl\":\"https:\/\/blog.partner.co\/wp-content\/uploads\/2021\/01\/ARX_Vogue-IT-Blog-PR_01-2021_EU-ENG_v01-1.jpg\",\"width\":1400,\"height\":800},{\"@type\":\"WebPage\",\"@id\":\"https:\/\/blog.partner.co\/de-de\/die-lucim-hautpflegelinie-in-der-italienischer-vogue\/#webpage\",\"url\":\"https:\/\/blog.partner.co\/de-de\/die-lucim-hautpflegelinie-in-der-italienischer-vogue\/\",\"name\":\"Blog | ARIIX \u2013 Die Lucim-Hautpflegelinie in der italienischer Vogue\",\"isPartOf\":{\"@id\":\"https:\/\/blog.partner.co\/#website\"},\"primaryImageOfPage\":{\"@id\":\"https:\/\/blog.partner.co\/de-de\/die-lucim-hautpflegelinie-in-der-italienischer-vogue\/#primaryimage\"},\"datePublished\":\"2021-01-11T16:42:26+00:00\",\"dateModified\":\"2023-11-09T15:37:48+00:00\",\"description\":\"Die einzigartige Hautpflegelinie Lucim erscheint in der italienischen Vogue\",\"breadcrumb\":{\"@id\":\"https:\/\/blog.partner.co\/de-de\/die-lucim-hautpflegelinie-in-der-italienischer-vogue\/#breadcrumb\"},\"inLanguage\":\"ge-DE\",\"potentialAction\":[{\"@type\":\"ReadAction\",\"target\":[\"https:\/\/blog.partner.co\/de-de\/die-lucim-hautpflegelinie-in-der-italienischer-vogue\/\"]}]},{\"@type\":\"BreadcrumbList\",\"@id\":\"https:\/\/blog.partner.co\/de-de\/die-lucim-hautpflegelinie-in-der-italienischer-vogue\/#breadcrumb\",\"itemListElement\":[{\"@type\":\"ListItem\",\"position\":1,\"name\":\"Home\",\"item\":\"https:\/\/blog.partner.co\/de-de\/\"},{\"@type\":\"ListItem\",\"position\":2,\"name\":\"Die Lucim-Hautpflegelinie in der italienischer Vogue\"}]},{\"@type\":\"Article\",\"@id\":\"https:\/\/blog.partner.co\/de-de\/die-lucim-hautpflegelinie-in-der-italienischer-vogue\/#article\",\"isPartOf\":{\"@id\":\"https:\/\/blog.partner.co\/de-de\/die-lucim-hautpflegelinie-in-der-italienischer-vogue\/#webpage\"},\"author\":{\"@id\":\"https:\/\/blog.partner.co\/#\/schema\/person\/4ad693b5cc6869c271d7b35848e48cf3\"},\"headline\":\"Die Lucim-Hautpflegelinie in der italienischer Vogue\",\"datePublished\":\"2021-01-11T16:42:26+00:00\",\"dateModified\":\"2023-11-09T15:37:48+00:00\",\"mainEntityOfPage\":{\"@id\":\"https:\/\/blog.partner.co\/de-de\/die-lucim-hautpflegelinie-in-der-italienischer-vogue\/#webpage\"},\"wordCount\":172,\"publisher\":{\"@id\":\"https:\/\/blog.partner.co\/#organization\"},\"image\":{\"@id\":\"https:\/\/blog.partner.co\/de-de\/die-lucim-hautpflegelinie-in-der-italienischer-vogue\/#primaryimage\"},\"thumbnailUrl\":\"https:\/\/blog.partner.co\/wp-content\/uploads\/2021\/01\/ARX_Vogue-IT-Blog-PR_01-2021_EU-ENG_v01-1.jpg\",\"articleSection\":[\"Sch\u00f6nheit &amp; K\u00f6rperpflege\",\"Wellness\"],\"inLanguage\":\"ge-DE\"},{\"@type\":\"Person\",\"@id\":\"https:\/\/blog.partner.co\/#\/schema\/person\/4ad693b5cc6869c271d7b35848e48cf3\",\"name\":\"Alessia Usai\",\"image\":{\"@type\":\"ImageObject\",\"@id\":\"https:\/\/blog.partner.co\/#personlogo\",\"inLanguage\":\"ge-DE\",\"url\":\"https:\/\/secure.gravatar.com\/avatar\/f187dd7c279587665098bdb90e92a40b?s=96&d=mm&r=g\",\"contentUrl\":\"https:\/\/secure.gravatar.com\/avatar\/f187dd7c279587665098bdb90e92a40b?s=96&d=mm&r=g\",\"caption\":\"Alessia Usai\"},\"url\":\"https:\/\/blog.partner.co\/de-de\/author\/alessia-usaiariix-com\/\"}]}<\/script>\n<!-- \/ Yoast SEO plugin. -->","yoast_head_json":{"title":"Blog | ARIIX \u2013 Die Lucim-Hautpflegelinie in der italienischer Vogue","description":"Die einzigartige Hautpflegelinie Lucim erscheint in der italienischen Vogue","robots":{"index":"index","follow":"follow","max-snippet":"max-snippet:-1","max-image-preview":"max-image-preview:large","max-video-preview":"max-video-preview:-1"},"canonical":"https:\/\/blog.partner.co\/de-de\/die-lucim-hautpflegelinie-in-der-italienischer-vogue\/","og_locale":"en_US","og_type":"article","og_title":"Blog | ARIIX \u2013 Die Lucim-Hautpflegelinie in der italienischer Vogue","og_description":"Die einzigartige Hautpflegelinie Lucim erscheint in der italienischen Vogue","og_url":"https:\/\/blog.partner.co\/de-de\/die-lucim-hautpflegelinie-in-der-italienischer-vogue\/","og_site_name":"Partner.Co","article_published_time":"2021-01-11T16:42:26+00:00","article_modified_time":"2023-11-09T15:37:48+00:00","og_image":[{"width":1400,"height":800,"url":"https:\/\/blog.partner.co\/wp-content\/uploads\/2021\/01\/ARX_Vogue-IT-Blog-PR_01-2021_EU-ENG_v01-1.jpg","type":"image\/jpeg"}],"twitter_card":"summary_large_image","twitter_misc":{"Written by":"Alessia Usai","Est. reading time":"1 minute"},"schema":{"@context":"https:\/\/schema.org","@graph":[{"@type":"Organization","@id":"https:\/\/blog.partner.co\/#organization","name":"PartnerCo","url":"https:\/\/blog.partner.co\/","sameAs":[],"logo":{"@type":"ImageObject","@id":"https:\/\/blog.partner.co\/#logo","inLanguage":"ge-DE","url":"https:\/\/blog.partner.co\/wp-content\/uploads\/2024\/01\/ptr_logo-primary-green_200px.png","contentUrl":"https:\/\/blog.partner.co\/wp-content\/uploads\/2024\/01\/ptr_logo-primary-green_200px.png","width":200,"height":33,"caption":"PartnerCo"},"image":{"@id":"https:\/\/blog.partner.co\/#logo"}},{"@type":"WebSite","@id":"https:\/\/blog.partner.co\/#website","url":"https:\/\/blog.partner.co\/","name":"Partner.Co","description":"Journal","publisher":{"@id":"https:\/\/blog.partner.co\/#organization"},"potentialAction":[{"@type":"SearchAction","target":{"@type":"EntryPoint","urlTemplate":"https:\/\/blog.partner.co\/?s={search_term_string}"},"query-input":"required name=search_term_string"}],"inLanguage":"ge-DE"},{"@type":"ImageObject","@id":"https:\/\/blog.partner.co\/de-de\/die-lucim-hautpflegelinie-in-der-italienischer-vogue\/#primaryimage","inLanguage":"ge-DE","url":"https:\/\/blog.partner.co\/wp-content\/uploads\/2021\/01\/ARX_Vogue-IT-Blog-PR_01-2021_EU-ENG_v01-1.jpg","contentUrl":"https:\/\/blog.partner.co\/wp-content\/uploads\/2021\/01\/ARX_Vogue-IT-Blog-PR_01-2021_EU-ENG_v01-1.jpg","width":1400,"height":800},{"@type":"WebPage","@id":"https:\/\/blog.partner.co\/de-de\/die-lucim-hautpflegelinie-in-der-italienischer-vogue\/#webpage","url":"https:\/\/blog.partner.co\/de-de\/die-lucim-hautpflegelinie-in-der-italienischer-vogue\/","name":"Blog | ARIIX \u2013 Die Lucim-Hautpflegelinie in der italienischer Vogue","isPartOf":{"@id":"https:\/\/blog.partner.co\/#website"},"primaryImageOfPage":{"@id":"https:\/\/blog.partner.co\/de-de\/die-lucim-hautpflegelinie-in-der-italienischer-vogue\/#primaryimage"},"datePublished":"2021-01-11T16:42:26+00:00","dateModified":"2023-11-09T15:37:48+00:00","description":"Die einzigartige Hautpflegelinie Lucim erscheint in der italienischen Vogue","breadcrumb":{"@id":"https:\/\/blog.partner.co\/de-de\/die-lucim-hautpflegelinie-in-der-italienischer-vogue\/#breadcrumb"},"inLanguage":"ge-DE","potentialAction":[{"@type":"ReadAction","target":["https:\/\/blog.partner.co\/de-de\/die-lucim-hautpflegelinie-in-der-italienischer-vogue\/"]}]},{"@type":"BreadcrumbList","@id":"https:\/\/blog.partner.co\/de-de\/die-lucim-hautpflegelinie-in-der-italienischer-vogue\/#breadcrumb","itemListElement":[{"@type":"ListItem","position":1,"name":"Home","item":"https:\/\/blog.partner.co\/de-de\/"},{"@type":"ListItem","position":2,"name":"Die Lucim-Hautpflegelinie in der italienischer Vogue"}]},{"@type":"Article","@id":"https:\/\/blog.partner.co\/de-de\/die-lucim-hautpflegelinie-in-der-italienischer-vogue\/#article","isPartOf":{"@id":"https:\/\/blog.partner.co\/de-de\/die-lucim-hautpflegelinie-in-der-italienischer-vogue\/#webpage"},"author":{"@id":"https:\/\/blog.partner.co\/#\/schema\/person\/4ad693b5cc6869c271d7b35848e48cf3"},"headline":"Die Lucim-Hautpflegelinie in der italienischer Vogue","datePublished":"2021-01-11T16:42:26+00:00","dateModified":"2023-11-09T15:37:48+00:00","mainEntityOfPage":{"@id":"https:\/\/blog.partner.co\/de-de\/die-lucim-hautpflegelinie-in-der-italienischer-vogue\/#webpage"},"wordCount":172,"publisher":{"@id":"https:\/\/blog.partner.co\/#organization"},"image":{"@id":"https:\/\/blog.partner.co\/de-de\/die-lucim-hautpflegelinie-in-der-italienischer-vogue\/#primaryimage"},"thumbnailUrl":"https:\/\/blog.partner.co\/wp-content\/uploads\/2021\/01\/ARX_Vogue-IT-Blog-PR_01-2021_EU-ENG_v01-1.jpg","articleSection":["Sch\u00f6nheit &amp; K\u00f6rperpflege","Wellness"],"inLanguage":"ge-DE"},{"@type":"Person","@id":"https:\/\/blog.partner.co\/#\/schema\/person\/4ad693b5cc6869c271d7b35848e48cf3","name":"Alessia Usai","image":{"@type":"ImageObject","@id":"https:\/\/blog.partner.co\/#personlogo","inLanguage":"ge-DE","url":"https:\/\/secure.gravatar.com\/avatar\/f187dd7c279587665098bdb90e92a40b?s=96&d=mm&r=g","contentUrl":"https:\/\/secure.gravatar.com\/avatar\/f187dd7c279587665098bdb90e92a40b?s=96&d=mm&r=g","caption":"Alessia Usai"},"url":"https:\/\/blog.partner.co\/de-de\/author\/alessia-usaiariix-com\/"}]}},"_links":{"self":[{"href":"https:\/\/blog.partner.co\/de-de\/wp-json\/wp\/v2\/posts\/56336"}],"collection":[{"href":"https:\/\/blog.partner.co\/de-de\/wp-json\/wp\/v2\/posts"}],"about":[{"href":"https:\/\/blog.partner.co\/de-de\/wp-json\/wp\/v2\/types\/post"}],"author":[{"embeddable":true,"href":"https:\/\/blog.partner.co\/de-de\/wp-json\/wp\/v2\/users\/10"}],"replies":[{"embeddable":true,"href":"https:\/\/blog.partner.co\/de-de\/wp-json\/wp\/v2\/comments?post=56336"}],"version-history":[{"count":8,"href":"https:\/\/blog.partner.co\/de-de\/wp-json\/wp\/v2\/posts\/56336\/revisions"}],"predecessor-version":[{"id":175688,"href":"https:\/\/blog.partner.co\/de-de\/wp-json\/wp\/v2\/posts\/56336\/revisions\/175688"}],"wp:featuredmedia":[{"embeddable":true,"href":"https:\/\/blog.partner.co\/de-de\/wp-json\/wp\/v2\/media\/56574"}],"wp:attachment":[{"href":"https:\/\/blog.partner.co\/de-de\/wp-json\/wp\/v2\/media?parent=56336"}],"wp:term":[{"taxonomy":"category","embeddable":true,"href":"https:\/\/blog.partner.co\/de-de\/wp-json\/wp\/v2\/categories?post=56336"},{"taxonomy":"post_tag","embeddable":true,"href":"https:\/\/blog.partner.co\/de-de\/wp-json\/wp\/v2\/tags?post=56336"}],"curies":[{"name":"wp","href":"https:\/\/api.w.org\/{rel}","templated":true}]}}